{"id":933,"date":"2016-11-14T11:20:09","date_gmt":"2016-11-14T11:20:09","guid":{"rendered":"http:\/\/www.provinciaguadalupe.com.br\/site\/?p=933"},"modified":"2016-11-14T11:59:08","modified_gmt":"2016-11-14T11:59:08","slug":"933","status":"publish","type":"post","link":"https:\/\/www.provinciaguadalupe.com.br\/site\/2016\/11\/14\/933\/","title":{"rendered":"Encontro Vocacional em Picos, PI"},"content":{"rendered":"<p style=\"text-align: justify;\">No final do m\u00eas de outubro, aconteceu mais um encontro vocacional da Congrega\u00e7\u00e3o das Irm\u00e3s do Imaculado Cora\u00e7\u00e3o de Maria, em Picos, no Piau\u00ed.<\/p>\n<p style=\"text-align: justify;\">Casa aberta para a colhida das jovens que olham a vida consagrada como uma possibilidade de realiza\u00e7\u00e3o pessoal e comunit\u00e1ria, atrav\u00e9s do servi\u00e7o aos que mais precisam.<\/p>\n<p style=\"text-align: justify;\">\u201cDeus tem um plano para cada um e da mesma forma que cada ser humano \u00e9 \u00fanico, recebe de Deus uma voca\u00e7\u00e3o, um chamado para uma miss\u00e3o \u00fanica, exclusiva e intransfer\u00edvel. Sup\u00f5e o encontro de duas liberdades: aquela absoluta de Deus que chama e a liberdade humana que responde ao chamado\u201d publicou a Ir. Marinete Ferreira, Conselheira do Setor Forma\u00e7\u00e3o da Prov\u00edncia Nossa Senhora de Guadalupe e dinamizadora do encontro.<\/p>\n<p style=\"text-align: justify;\">Rezemos pelas jovens vocacionadas!<\/p>\n\n\t\t<style type=\"text\/css\">\n\t\t\t#gallery-1 {\n\t\t\t\tmargin: auto;\n\t\t\t}\n\t\t\t#gallery-1 .gallery-item {\n\t\t\t\tfloat: left;\n\t\t\t\tmargin-top: 10px;\n\t\t\t\ttext-align: center;\n\t\t\t\twidth: 33%;\n\t\t\t}\n\t\t\t#gallery-1 img {\n\t\t\t\tborder: 2px solid #cfcfcf;\n\t\t\t}\n\t\t\t#gallery-1 .gallery-caption {\n\t\t\t\tmargin-left: 0;\n\t\t\t}\n\t\t\t\/* see gallery_shortcode() in wp-includes\/media.php *\/\n\t\t<\/style>\n\t\t<div id='gallery-1' class='gallery galleryid-933 gallery-columns-3 gallery-size-thumbnail'><dl class='gallery-item'>\n\t\t\t<dt class='gallery-icon landscape'>\n\t\t\t\t<a href='https:\/\/www.provinciaguadalupe.com.br\/site\/wp-content\/uploads\/2016\/11\/Encontro-Vocacional-Picos-Novembro-011.jpg'><img loading=\"lazy\" decoding=\"async\" width=\"150\" height=\"150\" src=\"https:\/\/www.provinciaguadalupe.com.br\/site\/wp-content\/uploads\/2016\/11\/Encontro-Vocacional-Picos-Novembro-011-150x150.jpg\" class=\"attachment-thumbnail size-thumbnail\" alt=\"\" \/><\/a>\n\t\t\t<\/dt><\/dl><dl class='gallery-item'>\n\t\t\t<dt class='gallery-icon landscape'>\n\t\t\t\t<a href='https:\/\/www.provinciaguadalupe.com.br\/site\/wp-content\/uploads\/2016\/11\/Encontro-Vocacional-Picos-Novembro-021.jpg'><img loading=\"lazy\" decoding=\"async\" width=\"150\" height=\"150\" src=\"https:\/\/www.provinciaguadalupe.com.br\/site\/wp-content\/uploads\/2016\/11\/Encontro-Vocacional-Picos-Novembro-021-150x150.jpg\" class=\"attachment-thumbnail size-thumbnail\" alt=\"\" \/><\/a>\n\t\t\t<\/dt><\/dl><dl class='gallery-item'>\n\t\t\t<dt class='gallery-icon landscape'>\n\t\t\t\t<a href='https:\/\/www.provinciaguadalupe.com.br\/site\/wp-content\/uploads\/2016\/11\/Encontro-Vocacional-Picos-Novembro-031.jpg'><img loading=\"lazy\" decoding=\"async\" width=\"150\" height=\"150\" src=\"https:\/\/www.provinciaguadalupe.com.br\/site\/wp-content\/uploads\/2016\/11\/Encontro-Vocacional-Picos-Novembro-031-150x150.jpg\" class=\"attachment-thumbnail size-thumbnail\" alt=\"\" \/><\/a>\n\t\t\t<\/dt><\/dl><br style=\"clear: both\" \/><dl class='gallery-item'>\n\t\t\t<dt class='gallery-icon landscape'>\n\t\t\t\t<a href='https:\/\/www.provinciaguadalupe.com.br\/site\/wp-content\/uploads\/2016\/11\/Encontro-Vocacional-Picos-Novembro-041.jpg'><img loading=\"lazy\" decoding=\"async\" width=\"150\" height=\"150\" src=\"https:\/\/www.provinciaguadalupe.com.br\/site\/wp-content\/uploads\/2016\/11\/Encontro-Vocacional-Picos-Novembro-041-150x150.jpg\" class=\"attachment-thumbnail size-thumbnail\" alt=\"\" \/><\/a>\n\t\t\t<\/dt><\/dl><dl class='gallery-item'>\n\t\t\t<dt class='gallery-icon landscape'>\n\t\t\t\t<a href='https:\/\/www.provinciaguadalupe.com.br\/site\/wp-content\/uploads\/2016\/11\/Encontro-Vocacional-Picos-Novembro-051.jpg'><img loading=\"lazy\" decoding=\"async\" width=\"150\" height=\"150\" src=\"https:\/\/www.provinciaguadalupe.com.br\/site\/wp-content\/uploads\/2016\/11\/Encontro-Vocacional-Picos-Novembro-051-150x150.jpg\" class=\"attachment-thumbnail size-thumbnail\" alt=\"\" \/><\/a>\n\t\t\t<\/dt><\/dl><dl class='gallery-item'>\n\t\t\t<dt class='gallery-icon landscape'>\n\t\t\t\t<a href='https:\/\/www.provinciaguadalupe.com.br\/site\/wp-content\/uploads\/2016\/11\/Encontro-Vocacional-Picos-Novembro-061.jpg'><img loading=\"lazy\" decoding=\"async\" width=\"150\" height=\"150\" src=\"https:\/\/www.provinciaguadalupe.com.br\/site\/wp-content\/uploads\/2016\/11\/Encontro-Vocacional-Picos-Novembro-061-150x150.jpg\" class=\"attachment-thumbnail size-thumbnail\" alt=\"\" \/><\/a>\n\t\t\t<\/dt><\/dl><br style=\"clear: both\" \/><dl class='gallery-item'>\n\t\t\t<dt class='gallery-icon landscape'>\n\t\t\t\t<a href='https:\/\/www.provinciaguadalupe.com.br\/site\/wp-content\/uploads\/2016\/11\/Encontro-Vocacional-Picos-Novembro-071.jpg'><img loading=\"lazy\" decoding=\"async\" width=\"150\" height=\"150\" src=\"https:\/\/www.provinciaguadalupe.com.br\/site\/wp-content\/uploads\/2016\/11\/Encontro-Vocacional-Picos-Novembro-071-150x150.jpg\" class=\"attachment-thumbnail size-thumbnail\" alt=\"\" \/><\/a>\n\t\t\t<\/dt><\/dl>\n\t\t\t<br style='clear: both' \/>\n\t\t<\/div>\n\n<p>Por: Magnus Regis<\/p>\n<p>comunicacao@icm-sec.org.br<\/p>\n","protected":false},"excerpt":{"rendered":"<p>No final do m\u00eas de outubro, aconteceu mais um encontro vocacional da Congrega\u00e7\u00e3o das Irm\u00e3s do Imaculado Cora\u00e7\u00e3o de Maria, em Picos, no Piau\u00ed. Casa aberta para a colhida das<\/p>\n","protected":false},"author":2,"featured_media":938,"comment_status":"closed","ping_status":"open","sticky":false,"template":"","format":"standard","meta":{"footnotes":""},"categories":[3,48],"tags":[],"class_list":["post-933","post","type-post","status-publish","format-standard","has-post-thumbnail","hentry","category-audi-category","category-noticias"],"_links":{"self":[{"href":"https:\/\/www.provinciaguadalupe.com.br\/site\/wp-json\/wp\/v2\/posts\/933","targetHints":{"allow":["GET"]}}],"collection":[{"href":"https:\/\/www.provinciaguadalupe.com.br\/site\/wp-json\/wp\/v2\/posts"}],"about":[{"href":"https:\/\/www.provinciaguadalupe.com.br\/site\/wp-json\/wp\/v2\/types\/post"}],"author":[{"embeddable":true,"href":"https:\/\/www.provinciaguadalupe.com.br\/site\/wp-json\/wp\/v2\/users\/2"}],"replies":[{"embeddable":true,"href":"https:\/\/www.provinciaguadalupe.com.br\/site\/wp-json\/wp\/v2\/comments?post=933"}],"version-history":[{"count":2,"href":"https:\/\/www.provinciaguadalupe.com.br\/site\/wp-json\/wp\/v2\/posts\/933\/revisions"}],"predecessor-version":[{"id":942,"href":"https:\/\/www.provinciaguadalupe.com.br\/site\/wp-json\/wp\/v2\/posts\/933\/revisions\/942"}],"wp:featuredmedia":[{"embeddable":true,"href":"https:\/\/www.provinciaguadalupe.com.br\/site\/wp-json\/wp\/v2\/media\/938"}],"wp:attachment":[{"href":"https:\/\/www.provinciaguadalupe.com.br\/site\/wp-json\/wp\/v2\/media?parent=933"}],"wp:term":[{"taxonomy":"category","embeddable":true,"href":"https:\/\/www.provinciaguadalupe.com.br\/site\/wp-json\/wp\/v2\/categories?post=933"},{"taxonomy":"post_tag","embeddable":true,"href":"https:\/\/www.provinciaguadalupe.com.br\/site\/wp-json\/wp\/v2\/tags?post=933"}],"curies":[{"name":"wp","href":"https:\/\/api.w.org\/{rel}","templated":true}]}}