{"id":907,"date":"2016-11-13T11:17:03","date_gmt":"2016-11-13T11:17:03","guid":{"rendered":"http:\/\/www.provinciaguadalupe.com.br\/site\/?p=907"},"modified":"2016-11-14T11:55:03","modified_gmt":"2016-11-14T11:55:03","slug":"encontro-reuniu-comunidades-da-pb-e-rn","status":"publish","type":"post","link":"https:\/\/www.provinciaguadalupe.com.br\/site\/2016\/11\/13\/encontro-reuniu-comunidades-da-pb-e-rn\/","title":{"rendered":"Encontro reuniu comunidades da PB e RN"},"content":{"rendered":"<p>No final do m\u00eas de outubro, aconteceu a o encontro das comunidades ICM de Jo\u00e3o Pessoa (PB), Jo\u00e3o C\u00e2mara e Natal (RN). Foram dias de conviv\u00eancia, ora\u00e7\u00e3o e anima\u00e7\u00e3o. Estamos animadas para levar adiante a miss\u00e3o ICM. O encontro contou com a especial e animadora presen\u00e7a da nossa coordenadora provincial Ir. Maria In\u00eas Sampaio.<\/p>\n\n\t\t<style type=\"text\/css\">\n\t\t\t#gallery-1 {\n\t\t\t\tmargin: auto;\n\t\t\t}\n\t\t\t#gallery-1 .gallery-item {\n\t\t\t\tfloat: left;\n\t\t\t\tmargin-top: 10px;\n\t\t\t\ttext-align: center;\n\t\t\t\twidth: 33%;\n\t\t\t}\n\t\t\t#gallery-1 img {\n\t\t\t\tborder: 2px solid #cfcfcf;\n\t\t\t}\n\t\t\t#gallery-1 .gallery-caption {\n\t\t\t\tmargin-left: 0;\n\t\t\t}\n\t\t\t\/* see gallery_shortcode() in wp-includes\/media.php *\/\n\t\t<\/style>\n\t\t<div id='gallery-1' class='gallery galleryid-907 gallery-columns-3 gallery-size-thumbnail'><dl class='gallery-item'>\n\t\t\t<dt class='gallery-icon landscape'>\n\t\t\t\t<a href='https:\/\/www.provinciaguadalupe.com.br\/site\/wp-content\/uploads\/2016\/11\/14264829_1015517735227068_3192459401494135585_n.jpg'><img loading=\"lazy\" decoding=\"async\" width=\"150\" height=\"150\" src=\"https:\/\/www.provinciaguadalupe.com.br\/site\/wp-content\/uploads\/2016\/11\/14264829_1015517735227068_3192459401494135585_n-150x150.jpg\" class=\"attachment-thumbnail size-thumbnail\" alt=\"\" \/><\/a>\n\t\t\t<\/dt><\/dl><dl class='gallery-item'>\n\t\t\t<dt class='gallery-icon landscape'>\n\t\t\t\t<a href='https:\/\/www.provinciaguadalupe.com.br\/site\/wp-content\/uploads\/2016\/11\/14572176_1015517821893726_6660831801126704126_n.jpg'><img loading=\"lazy\" decoding=\"async\" width=\"150\" height=\"150\" src=\"https:\/\/www.provinciaguadalupe.com.br\/site\/wp-content\/uploads\/2016\/11\/14572176_1015517821893726_6660831801126704126_n-150x150.jpg\" class=\"attachment-thumbnail size-thumbnail\" alt=\"\" \/><\/a>\n\t\t\t<\/dt><\/dl><dl class='gallery-item'>\n\t\t\t<dt class='gallery-icon landscape'>\n\t\t\t\t<a href='https:\/\/www.provinciaguadalupe.com.br\/site\/wp-content\/uploads\/2016\/11\/14908343_1015517688560406_5310089912827181801_n.jpg'><img loading=\"lazy\" decoding=\"async\" width=\"150\" height=\"150\" src=\"https:\/\/www.provinciaguadalupe.com.br\/site\/wp-content\/uploads\/2016\/11\/14908343_1015517688560406_5310089912827181801_n-150x150.jpg\" class=\"attachment-thumbnail size-thumbnail\" alt=\"\" \/><\/a>\n\t\t\t<\/dt><\/dl><br style=\"clear: both\" \/><dl class='gallery-item'>\n\t\t\t<dt class='gallery-icon landscape'>\n\t\t\t\t<a href='https:\/\/www.provinciaguadalupe.com.br\/site\/wp-content\/uploads\/2016\/11\/14915370_1015517595227082_8635798029379221844_n.jpg'><img loading=\"lazy\" decoding=\"async\" width=\"150\" height=\"150\" src=\"https:\/\/www.provinciaguadalupe.com.br\/site\/wp-content\/uploads\/2016\/11\/14915370_1015517595227082_8635798029379221844_n-150x150.jpg\" class=\"attachment-thumbnail size-thumbnail\" alt=\"\" \/><\/a>\n\t\t\t<\/dt><\/dl><dl class='gallery-item'>\n\t\t\t<dt class='gallery-icon landscape'>\n\t\t\t\t<a href='https:\/\/www.provinciaguadalupe.com.br\/site\/wp-content\/uploads\/2016\/11\/14937396_1015517651893743_1237498382148619499_n.jpg'><img loading=\"lazy\" decoding=\"async\" width=\"150\" height=\"150\" src=\"https:\/\/www.provinciaguadalupe.com.br\/site\/wp-content\/uploads\/2016\/11\/14937396_1015517651893743_1237498382148619499_n-150x150.jpg\" class=\"attachment-thumbnail size-thumbnail\" alt=\"\" \/><\/a>\n\t\t\t<\/dt><\/dl>\n\t\t\t<br style='clear: both' \/>\n\t\t<\/div>\n\n","protected":false},"excerpt":{"rendered":"<p>No final do m\u00eas de outubro, aconteceu a o encontro das comunidades ICM de Jo\u00e3o Pessoa (PB), Jo\u00e3o C\u00e2mara e Natal (RN). Foram dias de conviv\u00eancia, ora\u00e7\u00e3o e anima\u00e7\u00e3o. Estamos<\/p>\n","protected":false},"author":2,"featured_media":909,"comment_status":"closed","ping_status":"open","sticky":false,"template":"","format":"standard","meta":{"footnotes":""},"categories":[48],"tags":[],"class_list":["post-907","post","type-post","status-publish","format-standard","has-post-thumbnail","hentry","category-noticias"],"_links":{"self":[{"href":"https:\/\/www.provinciaguadalupe.com.br\/site\/wp-json\/wp\/v2\/posts\/907","targetHints":{"allow":["GET"]}}],"collection":[{"href":"https:\/\/www.provinciaguadalupe.com.br\/site\/wp-json\/wp\/v2\/posts"}],"about":[{"href":"https:\/\/www.provinciaguadalupe.com.br\/site\/wp-json\/wp\/v2\/types\/post"}],"author":[{"embeddable":true,"href":"https:\/\/www.provinciaguadalupe.com.br\/site\/wp-json\/wp\/v2\/users\/2"}],"replies":[{"embeddable":true,"href":"https:\/\/www.provinciaguadalupe.com.br\/site\/wp-json\/wp\/v2\/comments?post=907"}],"version-history":[{"count":1,"href":"https:\/\/www.provinciaguadalupe.com.br\/site\/wp-json\/wp\/v2\/posts\/907\/revisions"}],"predecessor-version":[{"id":913,"href":"https:\/\/www.provinciaguadalupe.com.br\/site\/wp-json\/wp\/v2\/posts\/907\/revisions\/913"}],"wp:featuredmedia":[{"embeddable":true,"href":"https:\/\/www.provinciaguadalupe.com.br\/site\/wp-json\/wp\/v2\/media\/909"}],"wp:attachment":[{"href":"https:\/\/www.provinciaguadalupe.com.br\/site\/wp-json\/wp\/v2\/media?parent=907"}],"wp:term":[{"taxonomy":"category","embeddable":true,"href":"https:\/\/www.provinciaguadalupe.com.br\/site\/wp-json\/wp\/v2\/categories?post=907"},{"taxonomy":"post_tag","embeddable":true,"href":"https:\/\/www.provinciaguadalupe.com.br\/site\/wp-json\/wp\/v2\/tags?post=907"}],"curies":[{"name":"wp","href":"https:\/\/api.w.org\/{rel}","templated":true}]}}