{"id":903,"date":"2016-09-27T15:09:20","date_gmt":"2016-09-27T15:09:20","guid":{"rendered":"http:\/\/www.provinciaguadalupe.com.br\/site\/?p=903"},"modified":"2016-09-27T15:09:20","modified_gmt":"2016-09-27T15:09:20","slug":"envio-e-acolhida-em-nossa-provincia","status":"publish","type":"post","link":"https:\/\/www.provinciaguadalupe.com.br\/site\/2016\/09\/27\/envio-e-acolhida-em-nossa-provincia\/","title":{"rendered":"Envio e acolhida em nossa Prov\u00edncia"},"content":{"rendered":"<p>A vida de uma consagrada \u00e9 marcada pelo movimento mission\u00e1rio, de sempre estar dispon\u00edvel para a miss\u00e3o.<\/p>\n<p>Nesse intuito, a Prov\u00edncia Guadalupe manifesta sua gratid\u00e3o pela miss\u00e3o realizada pela Irm\u00e3 Jos\u00e9lia Ramos que deixa a comunidade de Fortaleza, Cear\u00e1, para atender ao chamado da Congrega\u00e7\u00e3o em Porto Alegre\/RS, onde trabalhar\u00e1 na sede Sociedade Educa\u00e7\u00e3o e Caridade (SEC), mantenedora das Escolas e Obras Sociais da nossa Congrega\u00e7\u00e3o.<\/p>\n<p>Tamb\u00e9m vivemos a alegria de acolher em nossa prov\u00edncia a presen\u00e7a da Ir. Adriana Coan, transferida de Porto Alegre para a comunidade de Bras\u00edlia (DF). Irm\u00e3 Adriana ir\u00e1 trabalhar junto \u00e0 sede da CRB Nacional, a Confer\u00eancia dos Religiosos\/as do Brasil, entidade para qual foi eleita conselheira fiscal.<\/p>\n<p>\u00c0s nossas queridas Irm\u00e3s, nossa gratid\u00e3o, prece e desejo de uma aben\u00e7oada nova miss\u00e3o.<\/p>\n<p>Que a M\u00e3e de Guadalupe as aben\u00e7oe!<\/p>\n","protected":false},"excerpt":{"rendered":"<p>A vida de uma consagrada \u00e9 marcada pelo movimento mission\u00e1rio, de sempre estar dispon\u00edvel para a miss\u00e3o. Nesse intuito, a Prov\u00edncia Guadalupe manifesta sua gratid\u00e3o pela miss\u00e3o realizada pela Irm\u00e3<\/p>\n","protected":false},"author":2,"featured_media":904,"comment_status":"closed","ping_status":"open","sticky":false,"template":"","format":"standard","meta":{"footnotes":""},"categories":[48],"tags":[],"class_list":["post-903","post","type-post","status-publish","format-standard","has-post-thumbnail","hentry","category-noticias"],"_links":{"self":[{"href":"https:\/\/www.provinciaguadalupe.com.br\/site\/wp-json\/wp\/v2\/posts\/903","targetHints":{"allow":["GET"]}}],"collection":[{"href":"https:\/\/www.provinciaguadalupe.com.br\/site\/wp-json\/wp\/v2\/posts"}],"about":[{"href":"https:\/\/www.provinciaguadalupe.com.br\/site\/wp-json\/wp\/v2\/types\/post"}],"author":[{"embeddable":true,"href":"https:\/\/www.provinciaguadalupe.com.br\/site\/wp-json\/wp\/v2\/users\/2"}],"replies":[{"embeddable":true,"href":"https:\/\/www.provinciaguadalupe.com.br\/site\/wp-json\/wp\/v2\/comments?post=903"}],"version-history":[{"count":1,"href":"https:\/\/www.provinciaguadalupe.com.br\/site\/wp-json\/wp\/v2\/posts\/903\/revisions"}],"predecessor-version":[{"id":905,"href":"https:\/\/www.provinciaguadalupe.com.br\/site\/wp-json\/wp\/v2\/posts\/903\/revisions\/905"}],"wp:featuredmedia":[{"embeddable":true,"href":"https:\/\/www.provinciaguadalupe.com.br\/site\/wp-json\/wp\/v2\/media\/904"}],"wp:attachment":[{"href":"https:\/\/www.provinciaguadalupe.com.br\/site\/wp-json\/wp\/v2\/media?parent=903"}],"wp:term":[{"taxonomy":"category","embeddable":true,"href":"https:\/\/www.provinciaguadalupe.com.br\/site\/wp-json\/wp\/v2\/categories?post=903"},{"taxonomy":"post_tag","embeddable":true,"href":"https:\/\/www.provinciaguadalupe.com.br\/site\/wp-json\/wp\/v2\/tags?post=903"}],"curies":[{"name":"wp","href":"https:\/\/api.w.org\/{rel}","templated":true}]}}