{"id":887,"date":"2016-09-22T14:34:20","date_gmt":"2016-09-22T14:34:20","guid":{"rendered":"http:\/\/www.provinciaguadalupe.com.br\/site\/?p=887"},"modified":"2016-09-22T14:37:16","modified_gmt":"2016-09-22T14:37:16","slug":"honduras-seminario-latinoamericano-sobre-migracion-refugio-y-trata-de-personas","status":"publish","type":"post","link":"https:\/\/www.provinciaguadalupe.com.br\/site\/2016\/09\/22\/honduras-seminario-latinoamericano-sobre-migracion-refugio-y-trata-de-personas\/","title":{"rendered":"Honduras: Seminario Latinoamericano sobre Migraci\u00f3n, Refugio y Trata de Personas"},"content":{"rendered":"<p style=\"text-align: justify;\">O Departamento de Justi\u00e7a e Solidariedade, do Conselho Episcopal Latino Americano, CELAM, realizou nos dias 14 a 17 de setembro, 2016 o \u201cSeminario Latinoamericano sobre Migraci\u00f3n, Refugio y Trata de personas\u201d, na Cidade de Tegucigalpa, Honduras.<\/p>\n<p style=\"text-align: justify;\">O Semin\u00e1rio contou com a presen\u00e7a de 22 pa\u00edses da Am\u00e9rica Latina e Caribe, com a participa\u00e7\u00e3o de Bispos, representantes da Mobilidade Humana, Rede Um Grito Pela Vida, secretarias nacionais e pastorais sociais, Caritas, com representantes de congrega\u00e7\u00f5es Religiosas e organismos eclesiais que trabalham com migrantes, refugiados e vitimas do tr\u00e1fico de pessoas. A Irm\u00e3 Roselei Bertoldo, ICM, foi a representante brasileira no encontro.<\/p>\n<p style=\"text-align: justify;\"><strong>Teve como objetivos<\/strong>:<br \/>\n1. Realizar uma den\u00fancia prof\u00e9tica para dar visibilidade as graves situa\u00e7\u00f5es de viola\u00e7\u00e3o de direitos humanos que vivem os migrantes, refugiados no continente latino americano.<br \/>\n2. Refletir sobre a luz dos fundamentos da Doutrina Social da Igreja e do Magist\u00e9rio do Papa Francisco, sobre a realidade dos migrantes, refugiados e pessoas vitimas das novas escravid\u00f5es e tr\u00e1fico humanos na Am\u00e9rica Latina e Caribe.<br \/>\n3. Promover a cria\u00e7\u00e3o da Rede CLAMOR Latino Americana de Mobilidade Humana e Ref\u00fagio como um espa\u00e7o de articula\u00e7\u00e3o e comunica\u00e7\u00e3o das organiza\u00e7\u00f5es eclesiais que trabalham com pessoas em situa\u00e7\u00e3o de mobilidade.<\/p>\n<p style=\"text-align: justify;\">A metodologia usada em todo semin\u00e1rio foi Ver \u2013 Julgar e Agir.<\/p>\n<p style=\"text-align: justify;\">No ver a realidade nos deparamos com tr\u00eas experi\u00eancias de vida. Pessoas que sofrem a viol\u00eancia do crime do tr\u00e1fico de pessoas, uma refugiada e um migrante retornado.<\/p>\n<p style=\"text-align: justify;\">Experi\u00eancias duras, marcadas por todos os tipos de viol\u00eancias que desumanizam e deixam marcas profundas por toda a vida. Pessoa que reconstru\u00edram suas vidas e hoje contribuem no trabalho de preven\u00e7\u00e3o junto a outros migrantes, fazendo uma grande diferen\u00e7a na sociedade.<\/p>\n<p style=\"text-align: justify;\">Dados alarmantes de pessoas migrantes, refugiadas e retornados principalmente no centro Am\u00e9rica, pessoas, fam\u00edlias inteiras que s\u00e3o obrigadas a migrar em busca de melhores condi\u00e7\u00f5es de vida fora de sua p\u00e1tria, marcadas pela extrema mis\u00e9ria, fome, viol\u00eancia de grupos armados.<\/p>\n<p style=\"text-align: justify;\">No segundo e terceiro dia foi tecido um olhar como ilumina\u00e7\u00e3o para a doutrina social da Igreja, e os escritos do Papa Francisco sobre a realidade da migra\u00e7\u00e3o e tr\u00e1fico de pessoas no continente, o que nos anima a continuar com renovado ardor a miss\u00e3o de defesa da vida, especialmente das pessoas vitimas das novas escravid\u00f5es que atinge a humanidade nas mais diversas realidades.<\/p>\n<p style=\"text-align: justify;\">No \u00faltimo dia foi socializado praticas, experi\u00eancias exitosas do trabalho em aten\u00e7\u00e3o as pessoas vitimas do tr\u00e1fico humano, refugiados e migrantes retornados.<\/p>\n<p style=\"text-align: justify;\">A Rede Um Grito Pela Vida compartilhou o trabalho que a Rede vem fazendo em n\u00edvel de Brasil, dando \u00eanfase ao trabalho realizado na regi\u00e3o norte do pa\u00eds mais especificamente no amazonas, nas dimens\u00f5es da preven\u00e7\u00e3o, capacita\u00e7\u00e3o de lideran\u00e7as, incid\u00eancia politica e atendimento as pessoas vitimas do crime do tr\u00e1fico de humano.<\/p>\n<div id=\"attachment_889\" style=\"width: 810px\" class=\"wp-caption aligncenter\"><a href=\"http:\/\/www.provinciaguadalupe.com.br\/site\/wp-content\/uploads\/2016\/09\/Seminario_Migraciones_CELAM_Fotos_Davidson-99.jpg\"><img loading=\"lazy\" decoding=\"async\" aria-describedby=\"caption-attachment-889\" class=\"wp-image-889\" src=\"http:\/\/www.provinciaguadalupe.com.br\/site\/wp-content\/uploads\/2016\/09\/Seminario_Migraciones_CELAM_Fotos_Davidson-99.jpg\" alt=\"Ir. Roselei Bertoldo representou o Brasil no evento\" width=\"800\" height=\"533\" srcset=\"https:\/\/www.provinciaguadalupe.com.br\/site\/wp-content\/uploads\/2016\/09\/Seminario_Migraciones_CELAM_Fotos_Davidson-99.jpg 1800w, https:\/\/www.provinciaguadalupe.com.br\/site\/wp-content\/uploads\/2016\/09\/Seminario_Migraciones_CELAM_Fotos_Davidson-99-300x200.jpg 300w, https:\/\/www.provinciaguadalupe.com.br\/site\/wp-content\/uploads\/2016\/09\/Seminario_Migraciones_CELAM_Fotos_Davidson-99-1024x682.jpg 1024w\" sizes=\"auto, (max-width: 800px) 100vw, 800px\" \/><\/a><p id=\"caption-attachment-889\" class=\"wp-caption-text\"><em>Ir. Roselei Bertoldo representou o Brasil no evento<\/em><\/p><\/div>\n<p style=\"text-align: justify;\">Como compromisso foi elaborada a proposta para a cria\u00e7\u00e3o da Rede CLAMOR Latino Americana de Mobilidade Humana, Ref\u00fagio e Trata de Personas como um espa\u00e7o de articula\u00e7\u00e3o e comunica\u00e7\u00e3o das organiza\u00e7\u00f5es eclesiais que trabalham com pessoas em situa\u00e7\u00e3o de migra\u00e7\u00e3o, refugio e tr\u00e1fico de pessoas.<\/p>\n<p style=\"text-align: justify;\">Nestes tempos modernos, os fluxos migrat\u00f3rios est\u00e3o em crescente aumento em todos os continentes: pessoas saem de sua pr\u00f3prias terras em busca de melhores condi\u00e7\u00f5es de vida, s\u00e3o apanhados pelas redes de criminosos, s\u00e3o vitimas da viol\u00eancia, da pobreza do abandono de suas terras de origem, sofrem na m\u00e3o dos \u201ccoiotes\u2019 e o ultraje dos traficantes de pessoas em suas viagens de um futuro melhor, os que sobrevivem aos tantos abusos tentam reconstruir suas vidas. Muitas destas pessoas chegam at\u00e9 n\u00f3s num pedido de socorro o que nos interpela a sermos pessoas solid\u00e1rias defensoras de seus direitos na reconstru\u00e7\u00e3o da vida ferida.<\/p>\n<p style=\"text-align: justify;\">Roselei Bertoldo. Honduras, 17 de setembro.<\/p>\n","protected":false},"excerpt":{"rendered":"<p>O Departamento de Justi\u00e7a e Solidariedade, do Conselho Episcopal Latino Americano, CELAM, realizou nos dias 14 a 17 de setembro, 2016 o \u201cSeminario Latinoamericano sobre Migraci\u00f3n, Refugio y Trata de<\/p>\n","protected":false},"author":2,"featured_media":888,"comment_status":"closed","ping_status":"open","sticky":false,"template":"","format":"standard","meta":{"footnotes":""},"categories":[48],"tags":[],"class_list":["post-887","post","type-post","status-publish","format-standard","has-post-thumbnail","hentry","category-noticias"],"_links":{"self":[{"href":"https:\/\/www.provinciaguadalupe.com.br\/site\/wp-json\/wp\/v2\/posts\/887","targetHints":{"allow":["GET"]}}],"collection":[{"href":"https:\/\/www.provinciaguadalupe.com.br\/site\/wp-json\/wp\/v2\/posts"}],"about":[{"href":"https:\/\/www.provinciaguadalupe.com.br\/site\/wp-json\/wp\/v2\/types\/post"}],"author":[{"embeddable":true,"href":"https:\/\/www.provinciaguadalupe.com.br\/site\/wp-json\/wp\/v2\/users\/2"}],"replies":[{"embeddable":true,"href":"https:\/\/www.provinciaguadalupe.com.br\/site\/wp-json\/wp\/v2\/comments?post=887"}],"version-history":[{"count":4,"href":"https:\/\/www.provinciaguadalupe.com.br\/site\/wp-json\/wp\/v2\/posts\/887\/revisions"}],"predecessor-version":[{"id":893,"href":"https:\/\/www.provinciaguadalupe.com.br\/site\/wp-json\/wp\/v2\/posts\/887\/revisions\/893"}],"wp:featuredmedia":[{"embeddable":true,"href":"https:\/\/www.provinciaguadalupe.com.br\/site\/wp-json\/wp\/v2\/media\/888"}],"wp:attachment":[{"href":"https:\/\/www.provinciaguadalupe.com.br\/site\/wp-json\/wp\/v2\/media?parent=887"}],"wp:term":[{"taxonomy":"category","embeddable":true,"href":"https:\/\/www.provinciaguadalupe.com.br\/site\/wp-json\/wp\/v2\/categories?post=887"},{"taxonomy":"post_tag","embeddable":true,"href":"https:\/\/www.provinciaguadalupe.com.br\/site\/wp-json\/wp\/v2\/tags?post=887"}],"curies":[{"name":"wp","href":"https:\/\/api.w.org\/{rel}","templated":true}]}}