{"id":877,"date":"2016-09-06T14:25:53","date_gmt":"2016-09-06T14:25:53","guid":{"rendered":"http:\/\/www.provinciaguadalupe.com.br\/site\/?p=877"},"modified":"2016-09-06T14:25:53","modified_gmt":"2016-09-06T14:25:53","slug":"irmas-marcam-presenca-no-nortao-das-cebs-no-tocantins","status":"publish","type":"post","link":"https:\/\/www.provinciaguadalupe.com.br\/site\/2016\/09\/06\/irmas-marcam-presenca-no-nortao-das-cebs-no-tocantins\/","title":{"rendered":"Irm\u00e3s marcam presen\u00e7a no Nort\u00e3o das CEB\u2019s no Tocantins"},"content":{"rendered":"<p style=\"text-align: justify;\">Com o tema: <strong>&#8220;O Rosto das CEBs na Amaz\u00f4nia: Lutas e Esperan\u00e7as\u201d<\/strong>, aconteceu entre os dias 26 a 28 de agosto deste ano de 2016, no Centro de Treinamento de Lideran\u00e7as Padre Josimo Tavares \u2013 Tocantin\u00f3polis\/TO, o 1\u00ba Encontr\u00e3o das Comunidades Eclesiais de Base (CEBs) na Amaz\u00f4nia, o \u201cNort\u00e3o das CEB\u2019s\u201d.<\/p>\n<p style=\"text-align: justify;\">As Irm\u00e3s do Imaculado Cora\u00e7\u00e3o de Maria, das comunidades o Tocantins e do Amazonas, marcaram presen\u00e7a no encontro, reafirmando seu compromisso e inser\u00e7\u00e3o nas comunidades de base, especialmente com os mais empobrecidos.<\/p>\n<p style=\"text-align: justify;\">Ao final do encontro foi divulgado um documento em forma de carta aberta com duras cr\u00edticas ao governo brasileiro. Veja o documento na \u00edntegra:<\/p>\n<blockquote>\n<p style=\"text-align: justify;\">\n<strong>CARTA ABERTA DO 1\u00b0 ENCONTR\u00c3O DAS COMUNIDADES ECLESIAIS DE BASE NA AMAZ\u00d4NIA<\/strong><\/p>\n<p style=\"text-align: justify;\">Somos Povo de Deus na Amaz\u00f4nia: \u00edndios, seringueiros, quilombolas, extrativistas, camponeses, negros, jovens, homens e mulheres comprometidos(as) com a evangeliza\u00e7\u00e3o e a defesa da vida no ch\u00e3o amaz\u00f4nico.<br \/>\nReunidos(as) em Tocantin\u00f3polis\/TO, entre os dias 26 e 28 de Agosto, sob a mem\u00f3ria dos m\u00e1rtires dessa terra, envolvidos(as) pela m\u00edstica e miss\u00e3o de Padre Josimo Tavares, vivenciamos o 1\u00b0 Encontr\u00e3o das Comunidades Eclesiais de Base na Amaz\u00f4nia, refletindo e aprofundando a tem\u00e1tica \u201cO rosto das CEBs na Amaz\u00f4nia: Lutas e Esperan\u00e7as\u201d.<\/p>\n<p style=\"text-align: justify;\">Durante todo o encontro pudemos rezar nossa hist\u00f3ria desde o inicio da coloniza\u00e7\u00e3o, passando pelos per\u00edodos que foram marcando de maneira significativa os 400 anos da presen\u00e7a da Igreja na Amaz\u00f4nia. Fazer a mem\u00f3ria desses processos nos ajudou a compreender o atual momento que passamos e perceber que muito foi feito, que os desafios sempre houveram, mas que h\u00e1 um terreno f\u00e9rtil para nossas comunidades, na luta por um mundo mais justo, mais igual e onde prevale\u00e7a a cultura do bem viver.<\/p>\n<p style=\"text-align: justify;\">Olhamos com preocupa\u00e7\u00e3o o atual contexto pol\u00edtico e econ\u00f4mico do Brasil e n\u00e3o podemos deixar de nos posicionar com preocupa\u00e7\u00e3o sobre os rumos da atual pol\u00edtica de destrui\u00e7\u00e3o dos direitos conquistados a duras penas pelos trabalhadores e trabalhadoras e pelo povo sofrido de nossa terra. Gritamos: Nenhum direito a menos! N\u00e3o podemos coadunar com um governo ileg\u00edtimo e corrupto, que se imp\u00f5e no poder como forma de perpetuar a corrup\u00e7\u00e3o e a exclus\u00e3o social.<\/p>\n<p style=\"text-align: justify;\">Denunciamos a cultura de morte impregnada em nossas cidades e campos, trazidas pela l\u00f3gica mort\u00edfera do capitalismo que destr\u00f3i nosso planeta, dizima povos, animais e florestas inteiras em nome de um progresso para poucos, em detrimento ao povo que permanece exclu\u00eddo e sacrificado. Denunciamos o exterm\u00ednio da juventude negra e ind\u00edgena e reafirmamos nosso combate a todo e qualquer tipo de viol\u00eancia contra a vida dos nossos povos.<\/p>\n<p style=\"text-align: justify;\">Reconhecemos o papel das mulheres, grandes matriarcas de nossa imensa Amaz\u00f4nia, que com sua garra e afinco, sempre conduziram nossas comunidades, sempre transmitindo o sentido evang\u00e9lico de ser Comunidade. Conclamamos aos nossos pastores que, cada vez mais, possamos reconhecer e proporcionar espa\u00e7os de protagonismo das leigas e leigos, religiosas e jovens nos espa\u00e7os de decis\u00e3o na nossa Igreja.<\/p>\n<p style=\"text-align: justify;\">Anunciamos a boa nova das nossas Comunidades presentes em todos os rinc\u00f5es dessa Amaz\u00f4nia, celebrando a Palavra e a Eucaristia, sendo um jeito novo, mas normal de ser igreja, mais missionaria e mais din\u00e2mica, celebrando, pela mem\u00f3ria dos m\u00e1rtires, a mem\u00f3ria do pr\u00f3prio Cristo. Olhamos com alegria a constru\u00e7\u00e3o da Rede Eclesial Pan-Amaz\u00f4nica (REPAM) como meio de articular nossas comunidades com outros sujeitos na luta pela vida e pela dignidade dos povos da Amaz\u00f4nia.<\/p>\n<p style=\"text-align: justify;\">Finalmente desejamos que este primeiro encontro das CEBs na Amaz\u00f4nia seja sinal de esperan\u00e7a e luz na caminhada de todas as pessoas de boa vontade que, no ch\u00e3o sagrado da Amaz\u00f4nia, lutam por um mundo mais justo, solid\u00e1rio e fraterno. Que o reino de Deus seja realidade em nosso meio hoje e sempre!<\/p>\n<p style=\"text-align: justify;\">Tocantin\u00f3polis\/TO, 28 de agosto de 2016.<\/p>\n<p style=\"text-align: justify;\">Delegados e Delegadas do Primeiro Encontr\u00e3o das CEBs na Amaz\u00f4nia<\/p>\n<\/blockquote>\n\n\t\t<style type=\"text\/css\">\n\t\t\t#gallery-1 {\n\t\t\t\tmargin: auto;\n\t\t\t}\n\t\t\t#gallery-1 .gallery-item {\n\t\t\t\tfloat: left;\n\t\t\t\tmargin-top: 10px;\n\t\t\t\ttext-align: center;\n\t\t\t\twidth: 33%;\n\t\t\t}\n\t\t\t#gallery-1 img {\n\t\t\t\tborder: 2px solid #cfcfcf;\n\t\t\t}\n\t\t\t#gallery-1 .gallery-caption {\n\t\t\t\tmargin-left: 0;\n\t\t\t}\n\t\t\t\/* see gallery_shortcode() in wp-includes\/media.php *\/\n\t\t<\/style>\n\t\t<div id='gallery-1' class='gallery galleryid-877 gallery-columns-3 gallery-size-thumbnail'><dl class='gallery-item'>\n\t\t\t<dt class='gallery-icon landscape'>\n\t\t\t\t<a href='https:\/\/www.provinciaguadalupe.com.br\/site\/wp-content\/uploads\/2016\/09\/Irm\u00e3s-ICM-Nort\u00e3o-das-CEBS-01.jpg'><img loading=\"lazy\" decoding=\"async\" width=\"150\" height=\"150\" src=\"https:\/\/www.provinciaguadalupe.com.br\/site\/wp-content\/uploads\/2016\/09\/Irm\u00e3s-ICM-Nort\u00e3o-das-CEBS-01-150x150.jpg\" class=\"attachment-thumbnail size-thumbnail\" alt=\"\" \/><\/a>\n\t\t\t<\/dt><\/dl><dl class='gallery-item'>\n\t\t\t<dt class='gallery-icon landscape'>\n\t\t\t\t<a href='https:\/\/www.provinciaguadalupe.com.br\/site\/wp-content\/uploads\/2016\/09\/Irm\u00e3s-ICM-Nort\u00e3o-das-CEBS-02.jpg'><img loading=\"lazy\" decoding=\"async\" width=\"150\" height=\"150\" src=\"https:\/\/www.provinciaguadalupe.com.br\/site\/wp-content\/uploads\/2016\/09\/Irm\u00e3s-ICM-Nort\u00e3o-das-CEBS-02-150x150.jpg\" class=\"attachment-thumbnail size-thumbnail\" alt=\"\" \/><\/a>\n\t\t\t<\/dt><\/dl><dl class='gallery-item'>\n\t\t\t<dt class='gallery-icon landscape'>\n\t\t\t\t<a href='https:\/\/www.provinciaguadalupe.com.br\/site\/wp-content\/uploads\/2016\/09\/Irm\u00e3s-ICM-Nort\u00e3o-das-CEBS-03.jpg'><img loading=\"lazy\" decoding=\"async\" width=\"150\" height=\"150\" src=\"https:\/\/www.provinciaguadalupe.com.br\/site\/wp-content\/uploads\/2016\/09\/Irm\u00e3s-ICM-Nort\u00e3o-das-CEBS-03-150x150.jpg\" class=\"attachment-thumbnail size-thumbnail\" alt=\"\" \/><\/a>\n\t\t\t<\/dt><\/dl><br style=\"clear: both\" \/><dl class='gallery-item'>\n\t\t\t<dt class='gallery-icon portrait'>\n\t\t\t\t<a href='https:\/\/www.provinciaguadalupe.com.br\/site\/wp-content\/uploads\/2016\/09\/Irm\u00e3s-ICM-Nort\u00e3o-das-CEBS-05.jpg'><img loading=\"lazy\" decoding=\"async\" width=\"150\" height=\"150\" src=\"https:\/\/www.provinciaguadalupe.com.br\/site\/wp-content\/uploads\/2016\/09\/Irm\u00e3s-ICM-Nort\u00e3o-das-CEBS-05-150x150.jpg\" class=\"attachment-thumbnail size-thumbnail\" alt=\"\" \/><\/a>\n\t\t\t<\/dt><\/dl><dl class='gallery-item'>\n\t\t\t<dt class='gallery-icon landscape'>\n\t\t\t\t<a href='https:\/\/www.provinciaguadalupe.com.br\/site\/wp-content\/uploads\/2016\/09\/Irm\u00e3s-ICM-Nort\u00e3o-das-CEBS-06.jpg'><img loading=\"lazy\" decoding=\"async\" width=\"150\" height=\"150\" src=\"https:\/\/www.provinciaguadalupe.com.br\/site\/wp-content\/uploads\/2016\/09\/Irm\u00e3s-ICM-Nort\u00e3o-das-CEBS-06-150x150.jpg\" class=\"attachment-thumbnail size-thumbnail\" alt=\"\" \/><\/a>\n\t\t\t<\/dt><\/dl><dl class='gallery-item'>\n\t\t\t<dt class='gallery-icon portrait'>\n\t\t\t\t<a href='https:\/\/www.provinciaguadalupe.com.br\/site\/wp-content\/uploads\/2016\/09\/Irm\u00e3s-ICM-Nort\u00e3o-das-CEBS-07.jpg'><img loading=\"lazy\" decoding=\"async\" width=\"150\" height=\"150\" src=\"https:\/\/www.provinciaguadalupe.com.br\/site\/wp-content\/uploads\/2016\/09\/Irm\u00e3s-ICM-Nort\u00e3o-das-CEBS-07-150x150.jpg\" class=\"attachment-thumbnail size-thumbnail\" alt=\"\" \/><\/a>\n\t\t\t<\/dt><\/dl><br style=\"clear: both\" \/>\n\t\t<\/div>\n\n","protected":false},"excerpt":{"rendered":"<p>Com o tema: &#8220;O Rosto das CEBs na Amaz\u00f4nia: Lutas e Esperan\u00e7as\u201d, aconteceu entre os dias 26 a 28 de agosto deste ano de 2016, no Centro de Treinamento de<\/p>\n","protected":false},"author":2,"featured_media":878,"comment_status":"closed","ping_status":"open","sticky":false,"template":"","format":"standard","meta":{"footnotes":""},"categories":[48],"tags":[],"class_list":["post-877","post","type-post","status-publish","format-standard","has-post-thumbnail","hentry","category-noticias"],"_links":{"self":[{"href":"https:\/\/www.provinciaguadalupe.com.br\/site\/wp-json\/wp\/v2\/posts\/877","targetHints":{"allow":["GET"]}}],"collection":[{"href":"https:\/\/www.provinciaguadalupe.com.br\/site\/wp-json\/wp\/v2\/posts"}],"about":[{"href":"https:\/\/www.provinciaguadalupe.com.br\/site\/wp-json\/wp\/v2\/types\/post"}],"author":[{"embeddable":true,"href":"https:\/\/www.provinciaguadalupe.com.br\/site\/wp-json\/wp\/v2\/users\/2"}],"replies":[{"embeddable":true,"href":"https:\/\/www.provinciaguadalupe.com.br\/site\/wp-json\/wp\/v2\/comments?post=877"}],"version-history":[{"count":1,"href":"https:\/\/www.provinciaguadalupe.com.br\/site\/wp-json\/wp\/v2\/posts\/877\/revisions"}],"predecessor-version":[{"id":884,"href":"https:\/\/www.provinciaguadalupe.com.br\/site\/wp-json\/wp\/v2\/posts\/877\/revisions\/884"}],"wp:featuredmedia":[{"embeddable":true,"href":"https:\/\/www.provinciaguadalupe.com.br\/site\/wp-json\/wp\/v2\/media\/878"}],"wp:attachment":[{"href":"https:\/\/www.provinciaguadalupe.com.br\/site\/wp-json\/wp\/v2\/media?parent=877"}],"wp:term":[{"taxonomy":"category","embeddable":true,"href":"https:\/\/www.provinciaguadalupe.com.br\/site\/wp-json\/wp\/v2\/categories?post=877"},{"taxonomy":"post_tag","embeddable":true,"href":"https:\/\/www.provinciaguadalupe.com.br\/site\/wp-json\/wp\/v2\/tags?post=877"}],"curies":[{"name":"wp","href":"https:\/\/api.w.org\/{rel}","templated":true}]}}