{"id":824,"date":"2016-09-06T13:27:28","date_gmt":"2016-09-06T13:27:28","guid":{"rendered":"http:\/\/www.provinciaguadalupe.com.br\/site\/?p=824"},"modified":"2016-09-06T13:35:04","modified_gmt":"2016-09-06T13:35:04","slug":"amar-e-doar-se-por-inteiro-consagracao-definitiva-da-ir-cristina-alves-pereira","status":"publish","type":"post","link":"https:\/\/www.provinciaguadalupe.com.br\/site\/2016\/09\/06\/amar-e-doar-se-por-inteiro-consagracao-definitiva-da-ir-cristina-alves-pereira\/","title":{"rendered":"\u201cAmar \u00e9 doar-se por inteiro!\u201d Consagra\u00e7\u00e3o definitiva da Ir. Cristina Alves Pereira"},"content":{"rendered":"<p style=\"text-align: justify;\">Consagrada para ser livre e amar para sempre. Em S\u00e3o Paulo, capital, a Irm\u00e3 Cristina Alves Pereira assumiu, em definitivo, sua voca\u00e7\u00e3o como Irm\u00e3 do Imaculado Cora\u00e7\u00e3o de Maria. A Consagra\u00e7\u00e3o Definitiva foi realizada durante missa no s\u00e1bado, dia 27 de agosto, em S\u00e3o Paulo\/SP.<\/p>\n<p style=\"text-align: justify;\">Diante da comunidade de f\u00e9, Irm\u00e3 Cristina ajoelhou-se enquanto a comunidade invocava a presen\u00e7a do Esp\u00edrito Santo. Em seguida, com a m\u00e3o por sobre a B\u00edblia Sagrada, professou os conselhos evang\u00e9licos de pobreza, castidade e obedi\u00eancia, seguindo o Carisma deixado para Congrega\u00e7\u00e3o pela Bem-Aventurada B\u00e1rbara Maix.<\/p>\n<p style=\"text-align: justify;\">Os votos professados foram acolhidos pela Diretora Geral da Congrega\u00e7\u00e3o, Irm\u00e3 Marlise Hendges. Como s\u00edmbolo de sua perten\u00e7a, Irm\u00e3 Cristina recebeu o anel da Congrega\u00e7\u00e3o, um exemplar das constitui\u00e7\u00f5es ICM e a cruz. Neste momento quem esteve presente foi a coordenadora provincial da Prov\u00edncia Nossa Senhora de Guadalupe, Irm\u00e3 Maria In\u00eas Sampaio.<\/p>\n<p style=\"text-align: justify;\">Irm\u00e3 Cristina Alves Pereira escolheu como lema de consagra\u00e7\u00e3o a frase: <em><strong>\u201cAmar \u00e9 doar-se por inteiro!\u201d<\/strong><\/em>. A Irm\u00e3 \u00e9 baiana da cidade de Jitauna. Tem 34 anos. Ingressou no aspirantado em fevereiro de 2007. Sua primeira profiss\u00e3o religiosa foi realizada no dia 19 de dezembro de 2009. Est\u00e1 inserida na Prov\u00edncia Nossa Senhora de Guadalupe, onde exerceu miss\u00e3o na comunidade de Aparecida de Goi\u00e2nia, Goi\u00e1s, e atualmente exerce a miss\u00e3o no Instituto S\u00e3o Jos\u00e9 do Bel\u00e9m, em S\u00e3o Paulo.<\/p>\n<p style=\"text-align: justify;\"><strong>CONSAGRA\u00c7\u00c3O DEFINITIVA<\/strong><br \/>\nA Consagra\u00e7\u00e3o Definitiva \u00e9 a decis\u00e3o amadurecida de uma religiosa. Ap\u00f3s o per\u00edodo do juniorado e com a solidifica\u00e7\u00e3o da experi\u00eancia da consagra\u00e7\u00e3o religiosa em comunidade, a Irm\u00e3 assume a consagra\u00e7\u00e3o e o Carisma deixado pela fundadora, a Bem-Aventurada B\u00e1rbara Maix, para toda a vida. Esse momento \u00e9 vivamente celebrado e testemunhado pela fam\u00edlia congregacional e comunidade eclesial.<\/p>\n\n\t\t<style type=\"text\/css\">\n\t\t\t#gallery-1 {\n\t\t\t\tmargin: auto;\n\t\t\t}\n\t\t\t#gallery-1 .gallery-item {\n\t\t\t\tfloat: left;\n\t\t\t\tmargin-top: 10px;\n\t\t\t\ttext-align: center;\n\t\t\t\twidth: 25%;\n\t\t\t}\n\t\t\t#gallery-1 img {\n\t\t\t\tborder: 2px solid #cfcfcf;\n\t\t\t}\n\t\t\t#gallery-1 .gallery-caption {\n\t\t\t\tmargin-left: 0;\n\t\t\t}\n\t\t\t\/* see gallery_shortcode() in wp-includes\/media.php *\/\n\t\t<\/style>\n\t\t<div id='gallery-1' class='gallery galleryid-824 gallery-columns-4 gallery-size-thumbnail'><dl class='gallery-item'>\n\t\t\t<dt class='gallery-icon landscape'>\n\t\t\t\t<a href='https:\/\/www.provinciaguadalupe.com.br\/site\/wp-content\/uploads\/2016\/09\/Consagra\u00e7\u00e3o-da-Irm\u00e3-Cristina-Alves-ICM-13.jpg'><img loading=\"lazy\" decoding=\"async\" width=\"150\" height=\"150\" src=\"https:\/\/www.provinciaguadalupe.com.br\/site\/wp-content\/uploads\/2016\/09\/Consagra\u00e7\u00e3o-da-Irm\u00e3-Cristina-Alves-ICM-13-150x150.jpg\" class=\"attachment-thumbnail size-thumbnail\" alt=\"\" \/><\/a>\n\t\t\t<\/dt><\/dl><dl class='gallery-item'>\n\t\t\t<dt class='gallery-icon landscape'>\n\t\t\t\t<a href='https:\/\/www.provinciaguadalupe.com.br\/site\/wp-content\/uploads\/2016\/09\/Consagra\u00e7\u00e3o-da-Irm\u00e3-Cristina-Alves-ICM-27.jpg'><img loading=\"lazy\" decoding=\"async\" width=\"150\" height=\"150\" src=\"https:\/\/www.provinciaguadalupe.com.br\/site\/wp-content\/uploads\/2016\/09\/Consagra\u00e7\u00e3o-da-Irm\u00e3-Cristina-Alves-ICM-27-150x150.jpg\" class=\"attachment-thumbnail size-thumbnail\" alt=\"\" \/><\/a>\n\t\t\t<\/dt><\/dl><dl class='gallery-item'>\n\t\t\t<dt class='gallery-icon landscape'>\n\t\t\t\t<a href='https:\/\/www.provinciaguadalupe.com.br\/site\/wp-content\/uploads\/2016\/09\/Consagra\u00e7\u00e3o-da-Irm\u00e3-Cristina-Alves-ICM-41.jpg'><img loading=\"lazy\" decoding=\"async\" width=\"150\" height=\"150\" src=\"https:\/\/www.provinciaguadalupe.com.br\/site\/wp-content\/uploads\/2016\/09\/Consagra\u00e7\u00e3o-da-Irm\u00e3-Cristina-Alves-ICM-41-150x150.jpg\" class=\"attachment-thumbnail size-thumbnail\" alt=\"\" \/><\/a>\n\t\t\t<\/dt><\/dl><dl class='gallery-item'>\n\t\t\t<dt class='gallery-icon landscape'>\n\t\t\t\t<a href='https:\/\/www.provinciaguadalupe.com.br\/site\/wp-content\/uploads\/2016\/09\/Consagra\u00e7\u00e3o-da-Irm\u00e3-Cristina-Alves-ICM-51.jpg'><img loading=\"lazy\" decoding=\"async\" width=\"150\" height=\"150\" src=\"https:\/\/www.provinciaguadalupe.com.br\/site\/wp-content\/uploads\/2016\/09\/Consagra\u00e7\u00e3o-da-Irm\u00e3-Cristina-Alves-ICM-51-150x150.jpg\" class=\"attachment-thumbnail size-thumbnail\" alt=\"\" \/><\/a>\n\t\t\t<\/dt><\/dl><br style=\"clear: both\" \/><dl class='gallery-item'>\n\t\t\t<dt class='gallery-icon landscape'>\n\t\t\t\t<a href='https:\/\/www.provinciaguadalupe.com.br\/site\/wp-content\/uploads\/2016\/09\/Consagra\u00e7\u00e3o-da-Irm\u00e3-Cristina-Alves-ICM-61.jpg'><img loading=\"lazy\" decoding=\"async\" width=\"150\" height=\"150\" src=\"https:\/\/www.provinciaguadalupe.com.br\/site\/wp-content\/uploads\/2016\/09\/Consagra\u00e7\u00e3o-da-Irm\u00e3-Cristina-Alves-ICM-61-150x150.jpg\" class=\"attachment-thumbnail size-thumbnail\" alt=\"\" \/><\/a>\n\t\t\t<\/dt><\/dl><dl class='gallery-item'>\n\t\t\t<dt class='gallery-icon landscape'>\n\t\t\t\t<a href='https:\/\/www.provinciaguadalupe.com.br\/site\/wp-content\/uploads\/2016\/09\/Consagra\u00e7\u00e3o-da-Irm\u00e3-Cristina-Alves-ICM-71.jpg'><img loading=\"lazy\" decoding=\"async\" width=\"150\" height=\"150\" src=\"https:\/\/www.provinciaguadalupe.com.br\/site\/wp-content\/uploads\/2016\/09\/Consagra\u00e7\u00e3o-da-Irm\u00e3-Cristina-Alves-ICM-71-150x150.jpg\" class=\"attachment-thumbnail size-thumbnail\" alt=\"\" \/><\/a>\n\t\t\t<\/dt><\/dl><dl class='gallery-item'>\n\t\t\t<dt class='gallery-icon landscape'>\n\t\t\t\t<a href='https:\/\/www.provinciaguadalupe.com.br\/site\/wp-content\/uploads\/2016\/09\/Consagra\u00e7\u00e3o-da-Irm\u00e3-Cristina-Alves-ICM-81.jpg'><img loading=\"lazy\" decoding=\"async\" width=\"150\" height=\"150\" src=\"https:\/\/www.provinciaguadalupe.com.br\/site\/wp-content\/uploads\/2016\/09\/Consagra\u00e7\u00e3o-da-Irm\u00e3-Cristina-Alves-ICM-81-150x150.jpg\" class=\"attachment-thumbnail size-thumbnail\" alt=\"\" \/><\/a>\n\t\t\t<\/dt><\/dl><dl class='gallery-item'>\n\t\t\t<dt class='gallery-icon landscape'>\n\t\t\t\t<a href='https:\/\/www.provinciaguadalupe.com.br\/site\/wp-content\/uploads\/2016\/09\/Consagra\u00e7\u00e3o-da-Irm\u00e3-Cristina-Alves-ICM-91.jpg'><img loading=\"lazy\" decoding=\"async\" width=\"150\" height=\"150\" src=\"https:\/\/www.provinciaguadalupe.com.br\/site\/wp-content\/uploads\/2016\/09\/Consagra\u00e7\u00e3o-da-Irm\u00e3-Cristina-Alves-ICM-91-150x150.jpg\" class=\"attachment-thumbnail size-thumbnail\" alt=\"\" \/><\/a>\n\t\t\t<\/dt><\/dl><br style=\"clear: both\" \/><dl class='gallery-item'>\n\t\t\t<dt class='gallery-icon landscape'>\n\t\t\t\t<a href='https:\/\/www.provinciaguadalupe.com.br\/site\/wp-content\/uploads\/2016\/09\/Consagra\u00e7\u00e3o-da-Irm\u00e3-Cristina-Alves-ICM-101.jpg'><img loading=\"lazy\" decoding=\"async\" width=\"150\" height=\"150\" src=\"https:\/\/www.provinciaguadalupe.com.br\/site\/wp-content\/uploads\/2016\/09\/Consagra\u00e7\u00e3o-da-Irm\u00e3-Cristina-Alves-ICM-101-150x150.jpg\" class=\"attachment-thumbnail size-thumbnail\" alt=\"\" \/><\/a>\n\t\t\t<\/dt><\/dl><dl class='gallery-item'>\n\t\t\t<dt class='gallery-icon landscape'>\n\t\t\t\t<a href='https:\/\/www.provinciaguadalupe.com.br\/site\/wp-content\/uploads\/2016\/09\/Consagra\u00e7\u00e3o-da-Irm\u00e3-Cristina-Alves-ICM-111.jpg'><img loading=\"lazy\" decoding=\"async\" width=\"150\" height=\"150\" src=\"https:\/\/www.provinciaguadalupe.com.br\/site\/wp-content\/uploads\/2016\/09\/Consagra\u00e7\u00e3o-da-Irm\u00e3-Cristina-Alves-ICM-111-150x150.jpg\" class=\"attachment-thumbnail size-thumbnail\" alt=\"\" \/><\/a>\n\t\t\t<\/dt><\/dl><dl class='gallery-item'>\n\t\t\t<dt class='gallery-icon landscape'>\n\t\t\t\t<a href='https:\/\/www.provinciaguadalupe.com.br\/site\/wp-content\/uploads\/2016\/09\/Consagra\u00e7\u00e3o-da-Irm\u00e3-Cristina-Alves-ICM-121.jpg'><img loading=\"lazy\" decoding=\"async\" width=\"150\" height=\"150\" src=\"https:\/\/www.provinciaguadalupe.com.br\/site\/wp-content\/uploads\/2016\/09\/Consagra\u00e7\u00e3o-da-Irm\u00e3-Cristina-Alves-ICM-121-150x150.jpg\" class=\"attachment-thumbnail size-thumbnail\" alt=\"\" \/><\/a>\n\t\t\t<\/dt><\/dl><dl class='gallery-item'>\n\t\t\t<dt class='gallery-icon landscape'>\n\t\t\t\t<a href='https:\/\/www.provinciaguadalupe.com.br\/site\/wp-content\/uploads\/2016\/09\/Consagra\u00e7\u00e3o-da-Irm\u00e3-Cristina-Alves-ICM-141.jpg'><img loading=\"lazy\" decoding=\"async\" width=\"150\" height=\"150\" src=\"https:\/\/www.provinciaguadalupe.com.br\/site\/wp-content\/uploads\/2016\/09\/Consagra\u00e7\u00e3o-da-Irm\u00e3-Cristina-Alves-ICM-141-150x150.jpg\" class=\"attachment-thumbnail size-thumbnail\" alt=\"\" \/><\/a>\n\t\t\t<\/dt><\/dl><br style=\"clear: both\" \/><dl class='gallery-item'>\n\t\t\t<dt class='gallery-icon landscape'>\n\t\t\t\t<a href='https:\/\/www.provinciaguadalupe.com.br\/site\/wp-content\/uploads\/2016\/09\/Consagra\u00e7\u00e3o-da-Irm\u00e3-Cristina-Alves-ICM-151.jpg'><img loading=\"lazy\" decoding=\"async\" width=\"150\" height=\"150\" src=\"https:\/\/www.provinciaguadalupe.com.br\/site\/wp-content\/uploads\/2016\/09\/Consagra\u00e7\u00e3o-da-Irm\u00e3-Cristina-Alves-ICM-151-150x150.jpg\" class=\"attachment-thumbnail size-thumbnail\" alt=\"\" \/><\/a>\n\t\t\t<\/dt><\/dl><dl class='gallery-item'>\n\t\t\t<dt class='gallery-icon landscape'>\n\t\t\t\t<a href='https:\/\/www.provinciaguadalupe.com.br\/site\/wp-content\/uploads\/2016\/09\/Consagra\u00e7\u00e3o-da-Irm\u00e3-Cristina-Alves-ICM-161.jpg'><img loading=\"lazy\" decoding=\"async\" width=\"150\" height=\"150\" src=\"https:\/\/www.provinciaguadalupe.com.br\/site\/wp-content\/uploads\/2016\/09\/Consagra\u00e7\u00e3o-da-Irm\u00e3-Cristina-Alves-ICM-161-150x150.jpg\" class=\"attachment-thumbnail size-thumbnail\" alt=\"\" \/><\/a>\n\t\t\t<\/dt><\/dl><dl class='gallery-item'>\n\t\t\t<dt class='gallery-icon landscape'>\n\t\t\t\t<a href='https:\/\/www.provinciaguadalupe.com.br\/site\/wp-content\/uploads\/2016\/09\/Consagra\u00e7\u00e3o-da-Irm\u00e3-Cristina-Alves-ICM-171.jpg'><img loading=\"lazy\" decoding=\"async\" width=\"150\" height=\"150\" src=\"https:\/\/www.provinciaguadalupe.com.br\/site\/wp-content\/uploads\/2016\/09\/Consagra\u00e7\u00e3o-da-Irm\u00e3-Cristina-Alves-ICM-171-150x150.jpg\" class=\"attachment-thumbnail size-thumbnail\" alt=\"\" \/><\/a>\n\t\t\t<\/dt><\/dl><dl class='gallery-item'>\n\t\t\t<dt class='gallery-icon landscape'>\n\t\t\t\t<a href='https:\/\/www.provinciaguadalupe.com.br\/site\/wp-content\/uploads\/2016\/09\/Consagra\u00e7\u00e3o-da-Irm\u00e3-Cristina-Alves-ICM-181.jpg'><img loading=\"lazy\" decoding=\"async\" width=\"150\" height=\"150\" src=\"https:\/\/www.provinciaguadalupe.com.br\/site\/wp-content\/uploads\/2016\/09\/Consagra\u00e7\u00e3o-da-Irm\u00e3-Cristina-Alves-ICM-181-150x150.jpg\" class=\"attachment-thumbnail size-thumbnail\" alt=\"\" \/><\/a>\n\t\t\t<\/dt><\/dl><br style=\"clear: both\" \/><dl class='gallery-item'>\n\t\t\t<dt class='gallery-icon landscape'>\n\t\t\t\t<a href='https:\/\/www.provinciaguadalupe.com.br\/site\/wp-content\/uploads\/2016\/09\/Consagra\u00e7\u00e3o-da-Irm\u00e3-Cristina-Alves-ICM-191.jpg'><img loading=\"lazy\" decoding=\"async\" width=\"150\" height=\"150\" src=\"https:\/\/www.provinciaguadalupe.com.br\/site\/wp-content\/uploads\/2016\/09\/Consagra\u00e7\u00e3o-da-Irm\u00e3-Cristina-Alves-ICM-191-150x150.jpg\" class=\"attachment-thumbnail size-thumbnail\" alt=\"\" \/><\/a>\n\t\t\t<\/dt><\/dl><dl class='gallery-item'>\n\t\t\t<dt class='gallery-icon landscape'>\n\t\t\t\t<a href='https:\/\/www.provinciaguadalupe.com.br\/site\/wp-content\/uploads\/2016\/09\/Consagra\u00e7\u00e3o-da-Irm\u00e3-Cristina-Alves-ICM-201.jpg'><img loading=\"lazy\" decoding=\"async\" width=\"150\" height=\"150\" src=\"https:\/\/www.provinciaguadalupe.com.br\/site\/wp-content\/uploads\/2016\/09\/Consagra\u00e7\u00e3o-da-Irm\u00e3-Cristina-Alves-ICM-201-150x150.jpg\" class=\"attachment-thumbnail size-thumbnail\" alt=\"\" \/><\/a>\n\t\t\t<\/dt><\/dl><dl class='gallery-item'>\n\t\t\t<dt class='gallery-icon landscape'>\n\t\t\t\t<a href='https:\/\/www.provinciaguadalupe.com.br\/site\/wp-content\/uploads\/2016\/09\/Consagra\u00e7\u00e3o-da-Irm\u00e3-Cristina-Alves-ICM-211.jpg'><img loading=\"lazy\" decoding=\"async\" width=\"150\" height=\"150\" src=\"https:\/\/www.provinciaguadalupe.com.br\/site\/wp-content\/uploads\/2016\/09\/Consagra\u00e7\u00e3o-da-Irm\u00e3-Cristina-Alves-ICM-211-150x150.jpg\" class=\"attachment-thumbnail size-thumbnail\" alt=\"\" \/><\/a>\n\t\t\t<\/dt><\/dl><dl class='gallery-item'>\n\t\t\t<dt class='gallery-icon landscape'>\n\t\t\t\t<a href='https:\/\/www.provinciaguadalupe.com.br\/site\/wp-content\/uploads\/2016\/09\/Consagra\u00e7\u00e3o-da-Irm\u00e3-Cristina-Alves-ICM-221.jpg'><img loading=\"lazy\" decoding=\"async\" width=\"150\" height=\"150\" src=\"https:\/\/www.provinciaguadalupe.com.br\/site\/wp-content\/uploads\/2016\/09\/Consagra\u00e7\u00e3o-da-Irm\u00e3-Cristina-Alves-ICM-221-150x150.jpg\" class=\"attachment-thumbnail size-thumbnail\" alt=\"\" \/><\/a>\n\t\t\t<\/dt><\/dl><br style=\"clear: both\" \/><dl class='gallery-item'>\n\t\t\t<dt class='gallery-icon landscape'>\n\t\t\t\t<a href='https:\/\/www.provinciaguadalupe.com.br\/site\/wp-content\/uploads\/2016\/09\/Consagra\u00e7\u00e3o-da-Irm\u00e3-Cristina-Alves-ICM-231.jpg'><img loading=\"lazy\" decoding=\"async\" width=\"150\" height=\"150\" src=\"https:\/\/www.provinciaguadalupe.com.br\/site\/wp-content\/uploads\/2016\/09\/Consagra\u00e7\u00e3o-da-Irm\u00e3-Cristina-Alves-ICM-231-150x150.jpg\" class=\"attachment-thumbnail size-thumbnail\" alt=\"\" \/><\/a>\n\t\t\t<\/dt><\/dl><dl class='gallery-item'>\n\t\t\t<dt class='gallery-icon landscape'>\n\t\t\t\t<a href='https:\/\/www.provinciaguadalupe.com.br\/site\/wp-content\/uploads\/2016\/09\/Consagra\u00e7\u00e3o-da-Irm\u00e3-Cristina-Alves-ICM-241.jpg'><img loading=\"lazy\" decoding=\"async\" width=\"150\" height=\"150\" src=\"https:\/\/www.provinciaguadalupe.com.br\/site\/wp-content\/uploads\/2016\/09\/Consagra\u00e7\u00e3o-da-Irm\u00e3-Cristina-Alves-ICM-241-150x150.jpg\" class=\"attachment-thumbnail size-thumbnail\" alt=\"\" \/><\/a>\n\t\t\t<\/dt><\/dl><dl class='gallery-item'>\n\t\t\t<dt class='gallery-icon landscape'>\n\t\t\t\t<a href='https:\/\/www.provinciaguadalupe.com.br\/site\/wp-content\/uploads\/2016\/09\/Consagra\u00e7\u00e3o-da-Irm\u00e3-Cristina-Alves-ICM-251.jpg'><img loading=\"lazy\" decoding=\"async\" width=\"150\" height=\"150\" src=\"https:\/\/www.provinciaguadalupe.com.br\/site\/wp-content\/uploads\/2016\/09\/Consagra\u00e7\u00e3o-da-Irm\u00e3-Cristina-Alves-ICM-251-150x150.jpg\" class=\"attachment-thumbnail size-thumbnail\" alt=\"\" \/><\/a>\n\t\t\t<\/dt><\/dl><dl class='gallery-item'>\n\t\t\t<dt class='gallery-icon landscape'>\n\t\t\t\t<a href='https:\/\/www.provinciaguadalupe.com.br\/site\/wp-content\/uploads\/2016\/09\/Consagra\u00e7\u00e3o-da-Irm\u00e3-Cristina-Alves-ICM-261.jpg'><img loading=\"lazy\" decoding=\"async\" width=\"150\" height=\"150\" src=\"https:\/\/www.provinciaguadalupe.com.br\/site\/wp-content\/uploads\/2016\/09\/Consagra\u00e7\u00e3o-da-Irm\u00e3-Cristina-Alves-ICM-261-150x150.jpg\" class=\"attachment-thumbnail size-thumbnail\" alt=\"\" \/><\/a>\n\t\t\t<\/dt><\/dl><br style=\"clear: both\" \/>\n\t\t<\/div>\n\n<p>&nbsp;<\/p>\n","protected":false},"excerpt":{"rendered":"<p>Consagrada para ser livre e amar para sempre. Em S\u00e3o Paulo, capital, a Irm\u00e3 Cristina Alves Pereira assumiu, em definitivo, sua voca\u00e7\u00e3o como Irm\u00e3 do Imaculado Cora\u00e7\u00e3o de Maria. A<\/p>\n","protected":false},"author":2,"featured_media":836,"comment_status":"closed","ping_status":"open","sticky":false,"template":"","format":"standard","meta":{"footnotes":""},"categories":[1],"tags":[],"class_list":["post-824","post","type-post","status-publish","format-standard","has-post-thumbnail","hentry","category-sem-categoria"],"_links":{"self":[{"href":"https:\/\/www.provinciaguadalupe.com.br\/site\/wp-json\/wp\/v2\/posts\/824","targetHints":{"allow":["GET"]}}],"collection":[{"href":"https:\/\/www.provinciaguadalupe.com.br\/site\/wp-json\/wp\/v2\/posts"}],"about":[{"href":"https:\/\/www.provinciaguadalupe.com.br\/site\/wp-json\/wp\/v2\/types\/post"}],"author":[{"embeddable":true,"href":"https:\/\/www.provinciaguadalupe.com.br\/site\/wp-json\/wp\/v2\/users\/2"}],"replies":[{"embeddable":true,"href":"https:\/\/www.provinciaguadalupe.com.br\/site\/wp-json\/wp\/v2\/comments?post=824"}],"version-history":[{"count":3,"href":"https:\/\/www.provinciaguadalupe.com.br\/site\/wp-json\/wp\/v2\/posts\/824\/revisions"}],"predecessor-version":[{"id":876,"href":"https:\/\/www.provinciaguadalupe.com.br\/site\/wp-json\/wp\/v2\/posts\/824\/revisions\/876"}],"wp:featuredmedia":[{"embeddable":true,"href":"https:\/\/www.provinciaguadalupe.com.br\/site\/wp-json\/wp\/v2\/media\/836"}],"wp:attachment":[{"href":"https:\/\/www.provinciaguadalupe.com.br\/site\/wp-json\/wp\/v2\/media?parent=824"}],"wp:term":[{"taxonomy":"category","embeddable":true,"href":"https:\/\/www.provinciaguadalupe.com.br\/site\/wp-json\/wp\/v2\/categories?post=824"},{"taxonomy":"post_tag","embeddable":true,"href":"https:\/\/www.provinciaguadalupe.com.br\/site\/wp-json\/wp\/v2\/tags?post=824"}],"curies":[{"name":"wp","href":"https:\/\/api.w.org\/{rel}","templated":true}]}}