{"id":802,"date":"2016-08-25T14:12:00","date_gmt":"2016-08-25T14:12:00","guid":{"rendered":"http:\/\/www.provinciaguadalupe.com.br\/site\/?p=802"},"modified":"2016-08-25T14:14:27","modified_gmt":"2016-08-25T14:14:27","slug":"consagracao-definitiva-da-irma-cristina-alves-pereira","status":"publish","type":"post","link":"https:\/\/www.provinciaguadalupe.com.br\/site\/2016\/08\/25\/consagracao-definitiva-da-irma-cristina-alves-pereira\/","title":{"rendered":"Consagra\u00e7\u00e3o Definitiva da Irm\u00e3 Cristina Alves Pereira"},"content":{"rendered":"<p><em><strong>\u201cAmar \u00e9 doar-se por inteiro!\u201d<\/strong><\/em> \u00c9 com esta certeza que a Irm\u00e3 Cristina Alves Pereira confirmar\u00e1 sua voca\u00e7\u00e3o \u00e0 Vida Religiosa Consagrada na <a href=\"http:\/\/www.icm-sec.org.br\"><strong>Congrega\u00e7\u00e3o das Irm\u00e3s do Imaculado Cora\u00e7\u00e3o de Maria<\/strong><\/a>. No s\u00e1bado, dia 28 de agosto, a jovem religiosa entrega seu SIM para sempre \u00e0 Congrega\u00e7\u00e3o e \u00e0 Igreja.<\/p>\n<p>A Consagra\u00e7\u00e3o Definitiva ser\u00e1 realizada durante celebra\u00e7\u00e3o Eucar\u00edstica na <strong>Par\u00f3quia S\u00e3o Jos\u00e9 do Bel\u00e9m, em S\u00e3o Paulo<\/strong>, capital. Diante de Deus, ela professar\u00e1 os Conselhos Evang\u00e9licos de pobreza, obedi\u00eancia e castidade, numa entrega total \u00e0 causa do Reino de Deus. Os votos ser\u00e3o acolhidos pela Diretora Geral da Congrega\u00e7\u00e3o, Irm\u00e3 Marlise Hendges.<\/p>\n<p>A Consagra\u00e7\u00e3o Definitiva \u00e9 a decis\u00e3o amadurecida de uma religiosa. Ap\u00f3s o per\u00edodo do juniorado e com a solidifica\u00e7\u00e3o da experi\u00eancia da consagra\u00e7\u00e3o religiosa em comunidade, a Irm\u00e3 assume a consagra\u00e7\u00e3o e o Carisma deixado pela fundadora, a <em><strong>Bem-Aventurada B\u00e1rbara Maix<\/strong><\/em>, para toda a vida. Esse momento \u00e9 vivamente celebrado e testemunhado pela fam\u00edlia congregacional e comunidade eclesial.<\/p>\n<p>Irm\u00e3 Cristina \u00e9 baiana da cidade de Jitauna. Tem 34 anos. Ingressou no aspirantado em fevereiro de 2007. Sua primeira profiss\u00e3o religiosa foi realizada no dia 19 de dezembro de 2009. Est\u00e1 inserida na Prov\u00edncia Nossa Senhora de Guadalupe, onde exerceu miss\u00e3o na comunidade de Aparecida de Goi\u00e2nia, Goi\u00e1s, e atualmente exerce a miss\u00e3o no Instituto S\u00e3o Jos\u00e9 do Bel\u00e9m, em S\u00e3o Paulo.<\/p>\n<p>A data ser\u00e1 mais uma oportunidade de grande ora\u00e7\u00e3o e comunh\u00e3o para a Congrega\u00e7\u00e3o das Irm\u00e3s do Imaculado Cora\u00e7\u00e3o de Maria.<\/p>\n<p><a href=\"http:\/\/www.provinciaguadalupe.com.br\/site\/wp-content\/uploads\/2016\/08\/Irm\u00e3-Cristina.png\"><img loading=\"lazy\" decoding=\"async\" class=\"aligncenter wp-image-803\" src=\"http:\/\/www.provinciaguadalupe.com.br\/site\/wp-content\/uploads\/2016\/08\/Irm\u00e3-Cristina.png\" alt=\"Irm\u00e3 Cristina\" width=\"800\" height=\"1133\" srcset=\"https:\/\/www.provinciaguadalupe.com.br\/site\/wp-content\/uploads\/2016\/08\/Irm\u00e3-Cristina.png 900w, https:\/\/www.provinciaguadalupe.com.br\/site\/wp-content\/uploads\/2016\/08\/Irm\u00e3-Cristina-211x300.png 211w, https:\/\/www.provinciaguadalupe.com.br\/site\/wp-content\/uploads\/2016\/08\/Irm\u00e3-Cristina-722x1024.png 722w\" sizes=\"auto, (max-width: 800px) 100vw, 800px\" \/><\/a><\/p>\n","protected":false},"excerpt":{"rendered":"<p>\u201cAmar \u00e9 doar-se por inteiro!\u201d \u00c9 com esta certeza que a Irm\u00e3 Cristina Alves Pereira confirmar\u00e1 sua voca\u00e7\u00e3o \u00e0 Vida Religiosa Consagrada na Congrega\u00e7\u00e3o das Irm\u00e3s do Imaculado Cora\u00e7\u00e3o de<\/p>\n","protected":false},"author":2,"featured_media":803,"comment_status":"closed","ping_status":"open","sticky":false,"template":"","format":"standard","meta":{"footnotes":""},"categories":[48],"tags":[54],"class_list":["post-802","post","type-post","status-publish","format-standard","has-post-thumbnail","hentry","category-noticias","tag-consagracao-definitiva-irma-cristina-alves-pereira"],"_links":{"self":[{"href":"https:\/\/www.provinciaguadalupe.com.br\/site\/wp-json\/wp\/v2\/posts\/802","targetHints":{"allow":["GET"]}}],"collection":[{"href":"https:\/\/www.provinciaguadalupe.com.br\/site\/wp-json\/wp\/v2\/posts"}],"about":[{"href":"https:\/\/www.provinciaguadalupe.com.br\/site\/wp-json\/wp\/v2\/types\/post"}],"author":[{"embeddable":true,"href":"https:\/\/www.provinciaguadalupe.com.br\/site\/wp-json\/wp\/v2\/users\/2"}],"replies":[{"embeddable":true,"href":"https:\/\/www.provinciaguadalupe.com.br\/site\/wp-json\/wp\/v2\/comments?post=802"}],"version-history":[{"count":3,"href":"https:\/\/www.provinciaguadalupe.com.br\/site\/wp-json\/wp\/v2\/posts\/802\/revisions"}],"predecessor-version":[{"id":806,"href":"https:\/\/www.provinciaguadalupe.com.br\/site\/wp-json\/wp\/v2\/posts\/802\/revisions\/806"}],"wp:featuredmedia":[{"embeddable":true,"href":"https:\/\/www.provinciaguadalupe.com.br\/site\/wp-json\/wp\/v2\/media\/803"}],"wp:attachment":[{"href":"https:\/\/www.provinciaguadalupe.com.br\/site\/wp-json\/wp\/v2\/media?parent=802"}],"wp:term":[{"taxonomy":"category","embeddable":true,"href":"https:\/\/www.provinciaguadalupe.com.br\/site\/wp-json\/wp\/v2\/categories?post=802"},{"taxonomy":"post_tag","embeddable":true,"href":"https:\/\/www.provinciaguadalupe.com.br\/site\/wp-json\/wp\/v2\/tags?post=802"}],"curies":[{"name":"wp","href":"https:\/\/api.w.org\/{rel}","templated":true}]}}