{"id":778,"date":"2016-08-16T11:41:19","date_gmt":"2016-08-16T11:41:19","guid":{"rendered":"http:\/\/www.provinciaguadalupe.com.br\/site\/?p=778"},"modified":"2016-08-16T11:41:28","modified_gmt":"2016-08-16T11:41:28","slug":"vocacao-e-missao-irma-eurides-alves-de-oliveira","status":"publish","type":"post","link":"https:\/\/www.provinciaguadalupe.com.br\/site\/2016\/08\/16\/vocacao-e-missao-irma-eurides-alves-de-oliveira\/","title":{"rendered":"Voca\u00e7\u00e3o e Miss\u00e3o: Irm\u00e3 Eurides Alves de Oliveira"},"content":{"rendered":"<p style=\"text-align: center;\"><em>\u201cDeus nos chama e nos envia ao povo\u201d<\/em><\/p>\n<p style=\"text-align: justify;\">Somos vocacionadas\/os \u00e0 miss\u00e3o. Neste m\u00eas vocacional, o depoimento sobre voca\u00e7\u00e3o e miss\u00e3o. Nossa entrevistada \u00e9 a Irm\u00e3 Eurides Alves de Oliveira, da comunidade Bem-Aventurada B\u00e1rbara Maix, em Manaus\/AM. Confira!!!!!<\/p>\n<p><iframe loading=\"lazy\" src=\"https:\/\/www.youtube.com\/embed\/lNjYehINjSw\" width=\"560\" height=\"315\" frameborder=\"0\" allowfullscreen=\"allowfullscreen\"><\/iframe><\/p>\n","protected":false},"excerpt":{"rendered":"<p>\u201cDeus nos chama e nos envia ao povo\u201d Somos vocacionadas\/os \u00e0 miss\u00e3o. Neste m\u00eas vocacional, o depoimento sobre voca\u00e7\u00e3o e miss\u00e3o. Nossa entrevistada \u00e9 a Irm\u00e3 Eurides Alves de Oliveira,<\/p>\n","protected":false},"author":2,"featured_media":779,"comment_status":"closed","ping_status":"open","sticky":false,"template":"","format":"standard","meta":{"footnotes":""},"categories":[4,48],"tags":[50,49],"class_list":["post-778","post","type-post","status-publish","format-standard","has-post-thumbnail","hentry","category-automotive","category-noticias","tag-depoimento-vocacional","tag-irma-eurides-alves-de-oliveira"],"_links":{"self":[{"href":"https:\/\/www.provinciaguadalupe.com.br\/site\/wp-json\/wp\/v2\/posts\/778","targetHints":{"allow":["GET"]}}],"collection":[{"href":"https:\/\/www.provinciaguadalupe.com.br\/site\/wp-json\/wp\/v2\/posts"}],"about":[{"href":"https:\/\/www.provinciaguadalupe.com.br\/site\/wp-json\/wp\/v2\/types\/post"}],"author":[{"embeddable":true,"href":"https:\/\/www.provinciaguadalupe.com.br\/site\/wp-json\/wp\/v2\/users\/2"}],"replies":[{"embeddable":true,"href":"https:\/\/www.provinciaguadalupe.com.br\/site\/wp-json\/wp\/v2\/comments?post=778"}],"version-history":[{"count":1,"href":"https:\/\/www.provinciaguadalupe.com.br\/site\/wp-json\/wp\/v2\/posts\/778\/revisions"}],"predecessor-version":[{"id":780,"href":"https:\/\/www.provinciaguadalupe.com.br\/site\/wp-json\/wp\/v2\/posts\/778\/revisions\/780"}],"wp:featuredmedia":[{"embeddable":true,"href":"https:\/\/www.provinciaguadalupe.com.br\/site\/wp-json\/wp\/v2\/media\/779"}],"wp:attachment":[{"href":"https:\/\/www.provinciaguadalupe.com.br\/site\/wp-json\/wp\/v2\/media?parent=778"}],"wp:term":[{"taxonomy":"category","embeddable":true,"href":"https:\/\/www.provinciaguadalupe.com.br\/site\/wp-json\/wp\/v2\/categories?post=778"},{"taxonomy":"post_tag","embeddable":true,"href":"https:\/\/www.provinciaguadalupe.com.br\/site\/wp-json\/wp\/v2\/tags?post=778"}],"curies":[{"name":"wp","href":"https:\/\/api.w.org\/{rel}","templated":true}]}}