{"id":729,"date":"2016-07-17T13:50:33","date_gmt":"2016-07-17T13:50:33","guid":{"rendered":"http:\/\/www.provinciaguadalupe.com.br\/site\/?p=729"},"modified":"2016-08-03T14:53:46","modified_gmt":"2016-08-03T14:53:46","slug":"irmas-participam-da-romaria-dos-martires-no-mato-grosso","status":"publish","type":"post","link":"https:\/\/www.provinciaguadalupe.com.br\/site\/2016\/07\/17\/irmas-participam-da-romaria-dos-martires-no-mato-grosso\/","title":{"rendered":"Irm\u00e3s participam da Romaria dos M\u00e1rtires no Mato Grosso"},"content":{"rendered":"<p style=\"text-align: justify;\">As Irm\u00e3s do Imaculado Cora\u00e7\u00e3o de Maria participaram da Romaria dos M\u00e1rtires, evento realizado pela Prelazia de S\u00e3o F\u00e9lix do Araguaia no munic\u00edpio de Ribeir\u00e3o Cascalheira, no Mato Grosso, nos dias 17 e 18 de julho.<\/p>\n<p style=\"text-align: justify;\">O evento religioso lembra a morte do padre Jo\u00e3o Bosco, assassinado por militares quando tentava impedir que uma mulher fosse torturada na cadeia p\u00fablica. Mais de 15 mil pessoas participaram da Romaria, que teve como ponto alto, a caminhada pelas ruas da cidade em dire\u00e7\u00e3o ao santu\u00e1rio levantado pela pr\u00f3pria comunidade no local onde o crime foi cometido.<\/p>\n\n\t\t<style type=\"text\/css\">\n\t\t\t#gallery-1 {\n\t\t\t\tmargin: auto;\n\t\t\t}\n\t\t\t#gallery-1 .gallery-item {\n\t\t\t\tfloat: left;\n\t\t\t\tmargin-top: 10px;\n\t\t\t\ttext-align: center;\n\t\t\t\twidth: 33%;\n\t\t\t}\n\t\t\t#gallery-1 img {\n\t\t\t\tborder: 2px solid #cfcfcf;\n\t\t\t}\n\t\t\t#gallery-1 .gallery-caption {\n\t\t\t\tmargin-left: 0;\n\t\t\t}\n\t\t\t\/* see gallery_shortcode() in wp-includes\/media.php *\/\n\t\t<\/style>\n\t\t<div id='gallery-1' class='gallery galleryid-729 gallery-columns-3 gallery-size-thumbnail'><dl class='gallery-item'>\n\t\t\t<dt class='gallery-icon portrait'>\n\t\t\t\t<a href='https:\/\/www.provinciaguadalupe.com.br\/site\/wp-content\/uploads\/2016\/08\/roma-04.jpg'><img loading=\"lazy\" decoding=\"async\" width=\"150\" height=\"150\" src=\"https:\/\/www.provinciaguadalupe.com.br\/site\/wp-content\/uploads\/2016\/08\/roma-04-150x150.jpg\" class=\"attachment-thumbnail size-thumbnail\" alt=\"\" \/><\/a>\n\t\t\t<\/dt><\/dl><dl class='gallery-item'>\n\t\t\t<dt class='gallery-icon portrait'>\n\t\t\t\t<a href='https:\/\/www.provinciaguadalupe.com.br\/site\/wp-content\/uploads\/2016\/08\/roma-03.jpg'><img loading=\"lazy\" decoding=\"async\" width=\"150\" height=\"150\" src=\"https:\/\/www.provinciaguadalupe.com.br\/site\/wp-content\/uploads\/2016\/08\/roma-03-150x150.jpg\" class=\"attachment-thumbnail size-thumbnail\" alt=\"\" \/><\/a>\n\t\t\t<\/dt><\/dl><dl class='gallery-item'>\n\t\t\t<dt class='gallery-icon portrait'>\n\t\t\t\t<a href='https:\/\/www.provinciaguadalupe.com.br\/site\/wp-content\/uploads\/2016\/08\/roma-02.jpg'><img loading=\"lazy\" decoding=\"async\" width=\"150\" height=\"150\" src=\"https:\/\/www.provinciaguadalupe.com.br\/site\/wp-content\/uploads\/2016\/08\/roma-02-150x150.jpg\" class=\"attachment-thumbnail size-thumbnail\" alt=\"\" \/><\/a>\n\t\t\t<\/dt><\/dl><br style=\"clear: both\" \/>\n\t\t<\/div>\n\n<p style=\"text-align: justify;\">Dom Pedro Casald\u00e1liga, bispo em\u00e9rito local e um dos grandes profetas da Igreja na atualidade, marcou presen\u00e7a na Romaria, o que alegrou os romeiros e romeiras. A sa\u00fade do religioso esta fr\u00e1gil, mas apesar das debilidades demostrou lucides, participou do cerimonial e atendeu as fi\u00e9is.<\/p>\n","protected":false},"excerpt":{"rendered":"<p>As Irm\u00e3s do Imaculado Cora\u00e7\u00e3o de Maria participaram da Romaria dos M\u00e1rtires, evento realizado pela Prelazia de S\u00e3o F\u00e9lix do Araguaia no munic\u00edpio de Ribeir\u00e3o Cascalheira, no Mato Grosso, nos<\/p>\n","protected":false},"author":2,"featured_media":730,"comment_status":"open","ping_status":"open","sticky":false,"template":"","format":"standard","meta":{"footnotes":""},"categories":[2,7,48],"tags":[],"class_list":["post-729","post","type-post","status-publish","format-standard","has-post-thumbnail","hentry","category-adventures-category","category-hotel-reviews","category-noticias"],"_links":{"self":[{"href":"https:\/\/www.provinciaguadalupe.com.br\/site\/wp-json\/wp\/v2\/posts\/729","targetHints":{"allow":["GET"]}}],"collection":[{"href":"https:\/\/www.provinciaguadalupe.com.br\/site\/wp-json\/wp\/v2\/posts"}],"about":[{"href":"https:\/\/www.provinciaguadalupe.com.br\/site\/wp-json\/wp\/v2\/types\/post"}],"author":[{"embeddable":true,"href":"https:\/\/www.provinciaguadalupe.com.br\/site\/wp-json\/wp\/v2\/users\/2"}],"replies":[{"embeddable":true,"href":"https:\/\/www.provinciaguadalupe.com.br\/site\/wp-json\/wp\/v2\/comments?post=729"}],"version-history":[{"count":1,"href":"https:\/\/www.provinciaguadalupe.com.br\/site\/wp-json\/wp\/v2\/posts\/729\/revisions"}],"predecessor-version":[{"id":734,"href":"https:\/\/www.provinciaguadalupe.com.br\/site\/wp-json\/wp\/v2\/posts\/729\/revisions\/734"}],"wp:featuredmedia":[{"embeddable":true,"href":"https:\/\/www.provinciaguadalupe.com.br\/site\/wp-json\/wp\/v2\/media\/730"}],"wp:attachment":[{"href":"https:\/\/www.provinciaguadalupe.com.br\/site\/wp-json\/wp\/v2\/media?parent=729"}],"wp:term":[{"taxonomy":"category","embeddable":true,"href":"https:\/\/www.provinciaguadalupe.com.br\/site\/wp-json\/wp\/v2\/categories?post=729"},{"taxonomy":"post_tag","embeddable":true,"href":"https:\/\/www.provinciaguadalupe.com.br\/site\/wp-json\/wp\/v2\/tags?post=729"}],"curies":[{"name":"wp","href":"https:\/\/api.w.org\/{rel}","templated":true}]}}