{"id":704,"date":"2016-08-03T13:39:24","date_gmt":"2016-08-03T13:39:24","guid":{"rendered":"http:\/\/www.provinciaguadalupe.com.br\/site\/?p=704"},"modified":"2016-08-05T22:41:08","modified_gmt":"2016-08-05T22:41:08","slug":"realizada-a-ultima-assembleia-regional-da-provincia","status":"publish","type":"post","link":"https:\/\/www.provinciaguadalupe.com.br\/site\/2016\/08\/03\/realizada-a-ultima-assembleia-regional-da-provincia\/","title":{"rendered":"Realizada a \u00faltima assembleia regional da Prov\u00edncia"},"content":{"rendered":"<p>Organiza\u00e7\u00e3o da Congrega\u00e7\u00e3o das Irm\u00e3s do Imaculado Cora\u00e7\u00e3o de Maria, a Prov\u00edncia Nossa Senhora de Guadalupe encerrou o ciclo de assembleias provinciais realizadas por regional. O \u00faltimo encontro foi realizado entre os dias 15 e 17 de julho, em Teresina, capital do Piau\u00ed.<\/p>\n<p>Neste evento participaram as Irm\u00e3s do Regional 2 que re\u00fane as 10 comunidades mission\u00e1rias inseridas no Brasil \u2013 Cear\u00e1, Maranh\u00e3o, Piau\u00ed, Para\u00edba, Rio Grande do Norte \u2013 e na Bol\u00edvia, em Santa Cruz de la Sierra.<\/p>\n<p>As Irm\u00e3s refletiram o tema: \u201cComunidades Solid\u00e1rias em miss\u00e3o na viv\u00eancia da justi\u00e7a do Reino\u201d e como lema \u201cN\u00e3o Havia necessitados entre eles\u201d (At 4, 34). Com essa motiva\u00e7\u00e3o, as Irm\u00e3s estudaram a atual realidade social, pol\u00edtica, bem como os desafios da evangeliza\u00e7\u00e3o nas realidades inseridas.<\/p>\n<p>O encontro foi avaliado como positivo por reunir as Irm\u00e3s para a conviv\u00eancia fraterna, bem como por reafirmar a miss\u00e3o assumida pela Prov\u00edncia Guadalupe.<\/p>\n<p><strong>\u00daLTIMA ASSEMBLEIA<\/strong><\/p>\n<p>Esta foi a \u00faltima assembleia regional promovida pela referida prov\u00edncia. A primeira assembleia foi realizada em maio pelo Regional 3, que compreende as comunidades do Haiti e Brasil: S\u00e3o Paulo, Rio de Janeiro e Paran\u00e1. Neste m\u00eas de junho, foi a vez do Regional 1 que abrange as comunidades da Venezuela e Brasil: Amazonas, Tocantins, Goi\u00e1s, Mato Grosso, Bahia, Distrito Federal e Venezuela.<\/p>\n\n\t\t<style type=\"text\/css\">\n\t\t\t#gallery-1 {\n\t\t\t\tmargin: auto;\n\t\t\t}\n\t\t\t#gallery-1 .gallery-item {\n\t\t\t\tfloat: left;\n\t\t\t\tmargin-top: 10px;\n\t\t\t\ttext-align: center;\n\t\t\t\twidth: 25%;\n\t\t\t}\n\t\t\t#gallery-1 img {\n\t\t\t\tborder: 2px solid #cfcfcf;\n\t\t\t}\n\t\t\t#gallery-1 .gallery-caption {\n\t\t\t\tmargin-left: 0;\n\t\t\t}\n\t\t\t\/* see gallery_shortcode() in wp-includes\/media.php *\/\n\t\t<\/style>\n\t\t<div id='gallery-1' class='gallery galleryid-704 gallery-columns-4 gallery-size-thumbnail'><dl class='gallery-item'>\n\t\t\t<dt class='gallery-icon landscape'>\n\t\t\t\t<a href='https:\/\/www.provinciaguadalupe.com.br\/site\/wp-content\/uploads\/2016\/08\/Assembleia-ICM-Guadalupe-Teresina-23.jpg'><img loading=\"lazy\" decoding=\"async\" width=\"150\" height=\"150\" src=\"https:\/\/www.provinciaguadalupe.com.br\/site\/wp-content\/uploads\/2016\/08\/Assembleia-ICM-Guadalupe-Teresina-23-150x150.jpg\" class=\"attachment-thumbnail size-thumbnail\" alt=\"\" \/><\/a>\n\t\t\t<\/dt><\/dl><dl class='gallery-item'>\n\t\t\t<dt class='gallery-icon landscape'>\n\t\t\t\t<a href='https:\/\/www.provinciaguadalupe.com.br\/site\/wp-content\/uploads\/2016\/08\/Assembleia-ICM-Guadalupe-Teresina-22.jpg'><img loading=\"lazy\" decoding=\"async\" width=\"150\" height=\"150\" src=\"https:\/\/www.provinciaguadalupe.com.br\/site\/wp-content\/uploads\/2016\/08\/Assembleia-ICM-Guadalupe-Teresina-22-150x150.jpg\" class=\"attachment-thumbnail size-thumbnail\" alt=\"\" \/><\/a>\n\t\t\t<\/dt><\/dl><dl class='gallery-item'>\n\t\t\t<dt class='gallery-icon landscape'>\n\t\t\t\t<a href='https:\/\/www.provinciaguadalupe.com.br\/site\/wp-content\/uploads\/2016\/08\/Assembleia-ICM-Guadalupe-Teresina-21.jpg'><img loading=\"lazy\" decoding=\"async\" width=\"150\" height=\"150\" src=\"https:\/\/www.provinciaguadalupe.com.br\/site\/wp-content\/uploads\/2016\/08\/Assembleia-ICM-Guadalupe-Teresina-21-150x150.jpg\" class=\"attachment-thumbnail size-thumbnail\" alt=\"\" \/><\/a>\n\t\t\t<\/dt><\/dl><dl class='gallery-item'>\n\t\t\t<dt class='gallery-icon landscape'>\n\t\t\t\t<a href='https:\/\/www.provinciaguadalupe.com.br\/site\/wp-content\/uploads\/2016\/08\/Assembleia-ICM-Guadalupe-Teresina-20.jpg'><img loading=\"lazy\" decoding=\"async\" width=\"150\" height=\"150\" src=\"https:\/\/www.provinciaguadalupe.com.br\/site\/wp-content\/uploads\/2016\/08\/Assembleia-ICM-Guadalupe-Teresina-20-150x150.jpg\" class=\"attachment-thumbnail size-thumbnail\" alt=\"\" \/><\/a>\n\t\t\t<\/dt><\/dl><br style=\"clear: both\" \/><dl class='gallery-item'>\n\t\t\t<dt class='gallery-icon landscape'>\n\t\t\t\t<a href='https:\/\/www.provinciaguadalupe.com.br\/site\/wp-content\/uploads\/2016\/08\/Assembleia-ICM-Guadalupe-Teresina-19.jpg'><img loading=\"lazy\" decoding=\"async\" width=\"150\" height=\"150\" src=\"https:\/\/www.provinciaguadalupe.com.br\/site\/wp-content\/uploads\/2016\/08\/Assembleia-ICM-Guadalupe-Teresina-19-150x150.jpg\" class=\"attachment-thumbnail size-thumbnail\" alt=\"\" \/><\/a>\n\t\t\t<\/dt><\/dl><dl class='gallery-item'>\n\t\t\t<dt class='gallery-icon landscape'>\n\t\t\t\t<a href='https:\/\/www.provinciaguadalupe.com.br\/site\/wp-content\/uploads\/2016\/08\/Assembleia-ICM-Guadalupe-Teresina-18.jpg'><img loading=\"lazy\" decoding=\"async\" width=\"150\" height=\"150\" src=\"https:\/\/www.provinciaguadalupe.com.br\/site\/wp-content\/uploads\/2016\/08\/Assembleia-ICM-Guadalupe-Teresina-18-150x150.jpg\" class=\"attachment-thumbnail size-thumbnail\" alt=\"\" \/><\/a>\n\t\t\t<\/dt><\/dl><dl class='gallery-item'>\n\t\t\t<dt class='gallery-icon landscape'>\n\t\t\t\t<a href='https:\/\/www.provinciaguadalupe.com.br\/site\/wp-content\/uploads\/2016\/08\/Assembleia-ICM-Guadalupe-Teresina-17.jpg'><img loading=\"lazy\" decoding=\"async\" width=\"150\" height=\"150\" src=\"https:\/\/www.provinciaguadalupe.com.br\/site\/wp-content\/uploads\/2016\/08\/Assembleia-ICM-Guadalupe-Teresina-17-150x150.jpg\" class=\"attachment-thumbnail size-thumbnail\" alt=\"\" \/><\/a>\n\t\t\t<\/dt><\/dl><dl class='gallery-item'>\n\t\t\t<dt class='gallery-icon landscape'>\n\t\t\t\t<a href='https:\/\/www.provinciaguadalupe.com.br\/site\/wp-content\/uploads\/2016\/08\/Assembleia-ICM-Guadalupe-Teresina-16.jpg'><img loading=\"lazy\" decoding=\"async\" width=\"150\" height=\"150\" src=\"https:\/\/www.provinciaguadalupe.com.br\/site\/wp-content\/uploads\/2016\/08\/Assembleia-ICM-Guadalupe-Teresina-16-150x150.jpg\" class=\"attachment-thumbnail size-thumbnail\" alt=\"\" \/><\/a>\n\t\t\t<\/dt><\/dl><br style=\"clear: both\" \/><dl class='gallery-item'>\n\t\t\t<dt class='gallery-icon landscape'>\n\t\t\t\t<a href='https:\/\/www.provinciaguadalupe.com.br\/site\/wp-content\/uploads\/2016\/08\/Assembleia-ICM-Guadalupe-Teresina-15.jpg'><img loading=\"lazy\" decoding=\"async\" width=\"150\" height=\"150\" src=\"https:\/\/www.provinciaguadalupe.com.br\/site\/wp-content\/uploads\/2016\/08\/Assembleia-ICM-Guadalupe-Teresina-15-150x150.jpg\" class=\"attachment-thumbnail size-thumbnail\" alt=\"\" \/><\/a>\n\t\t\t<\/dt><\/dl><dl class='gallery-item'>\n\t\t\t<dt class='gallery-icon landscape'>\n\t\t\t\t<a href='https:\/\/www.provinciaguadalupe.com.br\/site\/wp-content\/uploads\/2016\/08\/Assembleia-ICM-Guadalupe-Teresina-14.jpg'><img loading=\"lazy\" decoding=\"async\" width=\"150\" height=\"150\" src=\"https:\/\/www.provinciaguadalupe.com.br\/site\/wp-content\/uploads\/2016\/08\/Assembleia-ICM-Guadalupe-Teresina-14-150x150.jpg\" class=\"attachment-thumbnail size-thumbnail\" alt=\"\" \/><\/a>\n\t\t\t<\/dt><\/dl><dl class='gallery-item'>\n\t\t\t<dt class='gallery-icon landscape'>\n\t\t\t\t<a href='https:\/\/www.provinciaguadalupe.com.br\/site\/wp-content\/uploads\/2016\/08\/Assembleia-ICM-Guadalupe-Teresina-13.jpg'><img loading=\"lazy\" decoding=\"async\" width=\"150\" height=\"150\" src=\"https:\/\/www.provinciaguadalupe.com.br\/site\/wp-content\/uploads\/2016\/08\/Assembleia-ICM-Guadalupe-Teresina-13-150x150.jpg\" class=\"attachment-thumbnail size-thumbnail\" alt=\"\" \/><\/a>\n\t\t\t<\/dt><\/dl><dl class='gallery-item'>\n\t\t\t<dt class='gallery-icon landscape'>\n\t\t\t\t<a href='https:\/\/www.provinciaguadalupe.com.br\/site\/wp-content\/uploads\/2016\/08\/Assembleia-ICM-Guadalupe-Teresina-12.jpg'><img loading=\"lazy\" decoding=\"async\" width=\"150\" height=\"150\" src=\"https:\/\/www.provinciaguadalupe.com.br\/site\/wp-content\/uploads\/2016\/08\/Assembleia-ICM-Guadalupe-Teresina-12-150x150.jpg\" class=\"attachment-thumbnail size-thumbnail\" alt=\"\" \/><\/a>\n\t\t\t<\/dt><\/dl><br style=\"clear: both\" \/><dl class='gallery-item'>\n\t\t\t<dt class='gallery-icon landscape'>\n\t\t\t\t<a href='https:\/\/www.provinciaguadalupe.com.br\/site\/wp-content\/uploads\/2016\/08\/Assembleia-ICM-Guadalupe-Teresina-11.jpg'><img loading=\"lazy\" decoding=\"async\" width=\"150\" height=\"150\" src=\"https:\/\/www.provinciaguadalupe.com.br\/site\/wp-content\/uploads\/2016\/08\/Assembleia-ICM-Guadalupe-Teresina-11-150x150.jpg\" class=\"attachment-thumbnail size-thumbnail\" alt=\"\" \/><\/a>\n\t\t\t<\/dt><\/dl><dl class='gallery-item'>\n\t\t\t<dt class='gallery-icon landscape'>\n\t\t\t\t<a href='https:\/\/www.provinciaguadalupe.com.br\/site\/wp-content\/uploads\/2016\/08\/Assembleia-ICM-Guadalupe-Teresina-10.jpg'><img loading=\"lazy\" decoding=\"async\" width=\"150\" height=\"150\" src=\"https:\/\/www.provinciaguadalupe.com.br\/site\/wp-content\/uploads\/2016\/08\/Assembleia-ICM-Guadalupe-Teresina-10-150x150.jpg\" class=\"attachment-thumbnail size-thumbnail\" alt=\"\" \/><\/a>\n\t\t\t<\/dt><\/dl><dl class='gallery-item'>\n\t\t\t<dt class='gallery-icon landscape'>\n\t\t\t\t<a href='https:\/\/www.provinciaguadalupe.com.br\/site\/wp-content\/uploads\/2016\/08\/Assembleia-ICM-Guadalupe-Teresina-09.jpg'><img loading=\"lazy\" decoding=\"async\" width=\"150\" height=\"150\" src=\"https:\/\/www.provinciaguadalupe.com.br\/site\/wp-content\/uploads\/2016\/08\/Assembleia-ICM-Guadalupe-Teresina-09-150x150.jpg\" class=\"attachment-thumbnail size-thumbnail\" alt=\"\" \/><\/a>\n\t\t\t<\/dt><\/dl><dl class='gallery-item'>\n\t\t\t<dt class='gallery-icon landscape'>\n\t\t\t\t<a href='https:\/\/www.provinciaguadalupe.com.br\/site\/wp-content\/uploads\/2016\/08\/Assembleia-ICM-Guadalupe-Teresina-08.jpg'><img loading=\"lazy\" decoding=\"async\" width=\"150\" height=\"150\" src=\"https:\/\/www.provinciaguadalupe.com.br\/site\/wp-content\/uploads\/2016\/08\/Assembleia-ICM-Guadalupe-Teresina-08-150x150.jpg\" class=\"attachment-thumbnail size-thumbnail\" alt=\"\" \/><\/a>\n\t\t\t<\/dt><\/dl><br style=\"clear: both\" \/><dl class='gallery-item'>\n\t\t\t<dt class='gallery-icon portrait'>\n\t\t\t\t<a href='https:\/\/www.provinciaguadalupe.com.br\/site\/wp-content\/uploads\/2016\/08\/Assembleia-ICM-Guadalupe-Teresina-07.jpg'><img loading=\"lazy\" decoding=\"async\" width=\"150\" height=\"150\" src=\"https:\/\/www.provinciaguadalupe.com.br\/site\/wp-content\/uploads\/2016\/08\/Assembleia-ICM-Guadalupe-Teresina-07-150x150.jpg\" class=\"attachment-thumbnail size-thumbnail\" alt=\"\" \/><\/a>\n\t\t\t<\/dt><\/dl><dl class='gallery-item'>\n\t\t\t<dt class='gallery-icon landscape'>\n\t\t\t\t<a href='https:\/\/www.provinciaguadalupe.com.br\/site\/wp-content\/uploads\/2016\/08\/Assembleia-ICM-Guadalupe-Teresina-06.jpg'><img loading=\"lazy\" decoding=\"async\" width=\"150\" height=\"150\" src=\"https:\/\/www.provinciaguadalupe.com.br\/site\/wp-content\/uploads\/2016\/08\/Assembleia-ICM-Guadalupe-Teresina-06-150x150.jpg\" class=\"attachment-thumbnail size-thumbnail\" alt=\"\" \/><\/a>\n\t\t\t<\/dt><\/dl><dl class='gallery-item'>\n\t\t\t<dt class='gallery-icon landscape'>\n\t\t\t\t<a href='https:\/\/www.provinciaguadalupe.com.br\/site\/wp-content\/uploads\/2016\/08\/Assembleia-ICM-Guadalupe-Teresina-05.jpg'><img loading=\"lazy\" decoding=\"async\" width=\"150\" height=\"150\" src=\"https:\/\/www.provinciaguadalupe.com.br\/site\/wp-content\/uploads\/2016\/08\/Assembleia-ICM-Guadalupe-Teresina-05-150x150.jpg\" class=\"attachment-thumbnail size-thumbnail\" alt=\"\" \/><\/a>\n\t\t\t<\/dt><\/dl><dl class='gallery-item'>\n\t\t\t<dt class='gallery-icon portrait'>\n\t\t\t\t<a href='https:\/\/www.provinciaguadalupe.com.br\/site\/wp-content\/uploads\/2016\/08\/Assembleia-ICM-Guadalupe-Teresina-04.jpg'><img loading=\"lazy\" decoding=\"async\" width=\"150\" height=\"150\" src=\"https:\/\/www.provinciaguadalupe.com.br\/site\/wp-content\/uploads\/2016\/08\/Assembleia-ICM-Guadalupe-Teresina-04-150x150.jpg\" class=\"attachment-thumbnail size-thumbnail\" alt=\"\" \/><\/a>\n\t\t\t<\/dt><\/dl><br style=\"clear: both\" \/><dl class='gallery-item'>\n\t\t\t<dt class='gallery-icon landscape'>\n\t\t\t\t<a href='https:\/\/www.provinciaguadalupe.com.br\/site\/wp-content\/uploads\/2016\/08\/Assembleia-ICM-Guadalupe-Teresina-02.jpg'><img loading=\"lazy\" decoding=\"async\" width=\"150\" height=\"150\" src=\"https:\/\/www.provinciaguadalupe.com.br\/site\/wp-content\/uploads\/2016\/08\/Assembleia-ICM-Guadalupe-Teresina-02-150x150.jpg\" class=\"attachment-thumbnail size-thumbnail\" alt=\"\" \/><\/a>\n\t\t\t<\/dt><\/dl><dl class='gallery-item'>\n\t\t\t<dt class='gallery-icon landscape'>\n\t\t\t\t<a href='https:\/\/www.provinciaguadalupe.com.br\/site\/wp-content\/uploads\/2016\/08\/Assembleia-ICM-Guadalupe-Teresina-01.jpg'><img loading=\"lazy\" decoding=\"async\" width=\"150\" height=\"150\" src=\"https:\/\/www.provinciaguadalupe.com.br\/site\/wp-content\/uploads\/2016\/08\/Assembleia-ICM-Guadalupe-Teresina-01-150x150.jpg\" class=\"attachment-thumbnail size-thumbnail\" alt=\"\" \/><\/a>\n\t\t\t<\/dt><\/dl>\n\t\t\t<br style='clear: both' \/>\n\t\t<\/div>\n\n","protected":false},"excerpt":{"rendered":"<p>Organiza\u00e7\u00e3o da Congrega\u00e7\u00e3o das Irm\u00e3s do Imaculado Cora\u00e7\u00e3o de Maria, a Prov\u00edncia Nossa Senhora de Guadalupe encerrou o ciclo de assembleias provinciais realizadas por regional. O \u00faltimo encontro foi realizado<\/p>\n","protected":false},"author":2,"featured_media":705,"comment_status":"open","ping_status":"open","sticky":false,"template":"","format":"standard","meta":{"footnotes":""},"categories":[1,48],"tags":[],"class_list":["post-704","post","type-post","status-publish","format-standard","has-post-thumbnail","hentry","category-sem-categoria","category-noticias"],"_links":{"self":[{"href":"https:\/\/www.provinciaguadalupe.com.br\/site\/wp-json\/wp\/v2\/posts\/704","targetHints":{"allow":["GET"]}}],"collection":[{"href":"https:\/\/www.provinciaguadalupe.com.br\/site\/wp-json\/wp\/v2\/posts"}],"about":[{"href":"https:\/\/www.provinciaguadalupe.com.br\/site\/wp-json\/wp\/v2\/types\/post"}],"author":[{"embeddable":true,"href":"https:\/\/www.provinciaguadalupe.com.br\/site\/wp-json\/wp\/v2\/users\/2"}],"replies":[{"embeddable":true,"href":"https:\/\/www.provinciaguadalupe.com.br\/site\/wp-json\/wp\/v2\/comments?post=704"}],"version-history":[{"count":1,"href":"https:\/\/www.provinciaguadalupe.com.br\/site\/wp-json\/wp\/v2\/posts\/704\/revisions"}],"predecessor-version":[{"id":728,"href":"https:\/\/www.provinciaguadalupe.com.br\/site\/wp-json\/wp\/v2\/posts\/704\/revisions\/728"}],"wp:featuredmedia":[{"embeddable":true,"href":"https:\/\/www.provinciaguadalupe.com.br\/site\/wp-json\/wp\/v2\/media\/705"}],"wp:attachment":[{"href":"https:\/\/www.provinciaguadalupe.com.br\/site\/wp-json\/wp\/v2\/media?parent=704"}],"wp:term":[{"taxonomy":"category","embeddable":true,"href":"https:\/\/www.provinciaguadalupe.com.br\/site\/wp-json\/wp\/v2\/categories?post=704"},{"taxonomy":"post_tag","embeddable":true,"href":"https:\/\/www.provinciaguadalupe.com.br\/site\/wp-json\/wp\/v2\/tags?post=704"}],"curies":[{"name":"wp","href":"https:\/\/api.w.org\/{rel}","templated":true}]}}