{"id":698,"date":"2016-07-25T14:43:46","date_gmt":"2016-07-25T14:43:46","guid":{"rendered":"http:\/\/www.provinciaguadalupe.com.br\/site\/?p=698"},"modified":"2016-07-25T14:44:06","modified_gmt":"2016-07-25T14:44:06","slug":"698","status":"publish","type":"post","link":"https:\/\/www.provinciaguadalupe.com.br\/site\/2016\/07\/25\/698\/","title":{"rendered":"Irm\u00e3 Leonia Weber \u00e9 a nova mission\u00e1ria ICM no Haiti"},"content":{"rendered":"<p style=\"text-align: justify;\">\u201cDisseram-me: \u2018Com esta idade indo para o Haiti, voc\u00ea \u00e9 louca?\u2019 Eu fui convidada para a miss\u00e3o e irei. Este \u00e9 um presente de Deus\u201d \u2013 esta forte convic\u00e7\u00e3o animou at\u00e9 mesmo este jornalista no in\u00edcio de uma agrad\u00e1vel entrevista com a Irm\u00e3 Leonia Terezinha Weber.<\/p>\n<p style=\"text-align: justify;\">Aos 75 anos de vida e 51 de vida religiosa consagrada, a Irm\u00e3 Leonia vive o grande desafio de sua primeira miss\u00e3o al\u00e9m-fronteiras. Desde o dia 23 de julho, a religiosa passou a integrar a comunidade mission\u00e1ria da Congrega\u00e7\u00e3o das Irm\u00e3s do Imaculado Cora\u00e7\u00e3o de Maria no Haiti: \u201cJ\u00e1 comecei a amar aquele povo de verdade\u201d afirma a religiosa.<\/p>\n<p>Em janeiro, o convite foi oficializado pela coordenadora da Prov\u00edncia Nossa Senhora de Guadalupe, Irm\u00e3 Maria In\u00eas Sampaio. A provincial a informou que teria tempo para pensar, mas a resposta da Irm\u00e3 veio \u2018na lata\u2019:<\/p>\n<p style=\"text-align: justify;\">\u201cNa mesma hora eu disse SIM. N\u00e3o tinha porque negar. N\u00e3o posso dizer n\u00e3o, ainda mais quando o trabalho \u00e9 para Nossa Senhora e para a nossa fundadora, a Bem-Aventurada B\u00e1rbara Maix\u201d disse.<\/p>\n<p style=\"text-align: justify;\">Irm\u00e3 Leonia afirma que integrar\u00e1 a comunidade formadora. A miss\u00e3o primeira ser\u00e1 o trabalho evangelizador nas comunidades e grupos locais. Outro trabalho que ela desenvolver\u00e1 ser\u00e1 o ensino de uma de suas boas habilidades \u2013 o artesanato.<\/p>\n<div id=\"attachment_700\" style=\"width: 310px\" class=\"wp-caption alignright\"><a href=\"http:\/\/www.provinciaguadalupe.com.br\/site\/wp-content\/uploads\/2016\/07\/Irm\u00e3-Lonia-Weber.jpg\"><img loading=\"lazy\" decoding=\"async\" aria-describedby=\"caption-attachment-700\" class=\"wp-image-700 size-full\" src=\"http:\/\/www.provinciaguadalupe.com.br\/site\/wp-content\/uploads\/2016\/07\/Irm\u00e3-Lonia-Weber.jpg\" alt=\"Irm\u00e3 Leonia j\u00e1 est\u00e1 no Haiti\" width=\"300\" height=\"400\" srcset=\"https:\/\/www.provinciaguadalupe.com.br\/site\/wp-content\/uploads\/2016\/07\/Irm\u00e3-Lonia-Weber.jpg 300w, https:\/\/www.provinciaguadalupe.com.br\/site\/wp-content\/uploads\/2016\/07\/Irm\u00e3-Lonia-Weber-225x300.jpg 225w\" sizes=\"auto, (max-width: 300px) 100vw, 300px\" \/><\/a><p id=\"caption-attachment-700\" class=\"wp-caption-text\">Irm\u00e3 Leonia j\u00e1 est\u00e1 no Haiti<\/p><\/div>\n<p style=\"text-align: justify;\">Antes de partir para o Haiti, Irm\u00e3 Leonia passou um m\u00eas na comunidade ICM de Manaus\/AM, onde acompanhou o trabalho realizado pelas Irm\u00e3s Santina Perin e Davina da Paz Cardozo junto aos imigrantes haitianos na Par\u00f3quia S\u00e3o Geraldo. Este tempo tamb\u00e9m serviu para aprender um pouco do seu novo idioma, o cr\u00e9ole: \u201cAs Irm\u00e3s me ensinaram como \u00e9 o povo, o contato, o trabalho e como eles gostam de serem tratados\u201d disse.<\/p>\n<p style=\"text-align: justify;\">A Irm\u00e3 ICM encara sua nova miss\u00e3o como um presente de Deus. Ela afirma que aos 75 anos est\u00e1 completamente disposta e animada para acolher o novo. Sua maior motiva\u00e7\u00e3o \u00e9 a consci\u00eancia de que nada do que Deus pede pode ser negado:<\/p>\n<p style=\"text-align: justify;\">\u201cRecebi convite como um presente de Deus para fazer algo mais pelo povo que precisa. Tenho sempre em pensamento que onde precisar que eu esteja e se eu estou em condi\u00e7\u00f5es de ajudar, jamais posso dizer n\u00e3o\u201d.<\/p>\n<p style=\"text-align: justify;\">Irm\u00e3 Leonia conta que ao contar a novidade para as coirm\u00e3s, amigas e amigos, o sentimento foi de surpresa: \u201cDisseram-me: \u2018Com esta idade indo para o Haiti, voc\u00ea \u00e9 louca?\u2019 Eu fui convidada para a miss\u00e3o e irei. Este \u00e9 um presente de Deus. N\u00e3o dizem que com75 anos de idade os bispos ficam em\u00e9ritos (aposentados)? Eu com esta idade estou indo para a miss\u00e3o muito feliz!\u201d enfatiza.<\/p>\n<p style=\"text-align: justify;\">Esta \u00e9 a primeira vez que a Irm\u00e3 Le\u00f4nia deixa o Brasil para assumiruma miss\u00e3o evangelizadora. Do Brasil, especialmente de S\u00e3o Paulo, estado onde residia, leva a recorda\u00e7\u00e3o das visitas mission\u00e1rias que fazia \u00e0s favelas, corti\u00e7os e a penitenci\u00e1ria feminina: \u201cl\u00e1 eu encontrava com mulheres de v\u00e1rios pa\u00edses e sei como \u00e9 dif\u00edcil estar em outro pa\u00eds, sem assist\u00eancia\u201d afirma.<\/p>\n<p style=\"text-align: justify;\">Ao final da entrevista, pedi um conselho dela para aquelas e aqueles que sentem a vontade de sair em miss\u00e3o. O recado foi este:<\/p>\n<p style=\"text-align: justify;\">\u201cQuem for convidado a ser mission\u00e1rio, se tem condi\u00e7\u00f5es de ir, n\u00e3o negue o SIM. Deus vai \u00e0 frente e Nossa Senhora tamb\u00e9m acompanha\u201d.<\/p>\n<p style=\"text-align: justify;\"><strong>IRM\u00c3 LEONIA TEREZINHA WEBER<\/strong><\/p>\n<p style=\"text-align: justify;\">Ga\u00facha da cidade de Faxinal do Soturno, Irm\u00e3 Leonia Weber nasceu no dia 21 de mar\u00e7o de 1941. Professou votos religiosos na Congrega\u00e7\u00e3o das Irm\u00e3s do Imaculado Cora\u00e7\u00e3o de Maria no dia 06 de janeiro de 1965. Os votos perp\u00e9tuos foram professados durante Santa Missa no dia 05 de abril de 1969. Desde 1968 passou por diversas comunidades no estado de S\u00e3o Paulo. Foi conselheira provincial do setor educa\u00e7\u00e3o e, desde 2009, estava na comunidade O\u00e1sis, na cidade de Rio Claro.<\/p>\n<p style=\"text-align: justify;\"><strong>Saiba Mais<\/strong>:<\/p>\n<p style=\"text-align: justify;\"><strong>Prov\u00edncia Nossa Senhora de Guadalupe<\/strong><br \/>\nBrasil: Amazonas, Bahia, Cear\u00e1, Distrito Federal, Goi\u00e1s, Maranh\u00e3o, Mato Grosso, Paran\u00e1, Para\u00edba, Piau\u00ed, Rio de Janeiro, Rio Grande do Norte, S\u00e3o Paulo e Tocantins<br \/>\nPa\u00edses: Bol\u00edvia, Haiti e Venezuela<br \/>\nSite: www.provinciaguadalupe.com.br<\/p>\n","protected":false},"excerpt":{"rendered":"<p>\u201cDisseram-me: \u2018Com esta idade indo para o Haiti, voc\u00ea \u00e9 louca?\u2019 Eu fui convidada para a miss\u00e3o e irei. Este \u00e9 um presente de Deus\u201d \u2013 esta forte convic\u00e7\u00e3o animou<\/p>\n","protected":false},"author":2,"featured_media":699,"comment_status":"open","ping_status":"open","sticky":false,"template":"","format":"standard","meta":{"footnotes":""},"categories":[1,2,48],"tags":[],"class_list":["post-698","post","type-post","status-publish","format-standard","has-post-thumbnail","hentry","category-sem-categoria","category-adventures-category","category-noticias"],"_links":{"self":[{"href":"https:\/\/www.provinciaguadalupe.com.br\/site\/wp-json\/wp\/v2\/posts\/698","targetHints":{"allow":["GET"]}}],"collection":[{"href":"https:\/\/www.provinciaguadalupe.com.br\/site\/wp-json\/wp\/v2\/posts"}],"about":[{"href":"https:\/\/www.provinciaguadalupe.com.br\/site\/wp-json\/wp\/v2\/types\/post"}],"author":[{"embeddable":true,"href":"https:\/\/www.provinciaguadalupe.com.br\/site\/wp-json\/wp\/v2\/users\/2"}],"replies":[{"embeddable":true,"href":"https:\/\/www.provinciaguadalupe.com.br\/site\/wp-json\/wp\/v2\/comments?post=698"}],"version-history":[{"count":2,"href":"https:\/\/www.provinciaguadalupe.com.br\/site\/wp-json\/wp\/v2\/posts\/698\/revisions"}],"predecessor-version":[{"id":702,"href":"https:\/\/www.provinciaguadalupe.com.br\/site\/wp-json\/wp\/v2\/posts\/698\/revisions\/702"}],"wp:featuredmedia":[{"embeddable":true,"href":"https:\/\/www.provinciaguadalupe.com.br\/site\/wp-json\/wp\/v2\/media\/699"}],"wp:attachment":[{"href":"https:\/\/www.provinciaguadalupe.com.br\/site\/wp-json\/wp\/v2\/media?parent=698"}],"wp:term":[{"taxonomy":"category","embeddable":true,"href":"https:\/\/www.provinciaguadalupe.com.br\/site\/wp-json\/wp\/v2\/categories?post=698"},{"taxonomy":"post_tag","embeddable":true,"href":"https:\/\/www.provinciaguadalupe.com.br\/site\/wp-json\/wp\/v2\/tags?post=698"}],"curies":[{"name":"wp","href":"https:\/\/api.w.org\/{rel}","templated":true}]}}