{"id":674,"date":"2016-06-20T00:16:36","date_gmt":"2016-06-20T00:16:36","guid":{"rendered":"http:\/\/www.provinciaguadalupe.com.br\/site\/?p=674"},"modified":"2016-06-20T00:21:07","modified_gmt":"2016-06-20T00:21:07","slug":"visita-de-ir-rosa-ilma-lobato-conselheira-do-setor-de-pastoral","status":"publish","type":"post","link":"https:\/\/www.provinciaguadalupe.com.br\/site\/2016\/06\/20\/visita-de-ir-rosa-ilma-lobato-conselheira-do-setor-de-pastoral\/","title":{"rendered":"Visita de Ir. Rosa Ilma Lobato, conselheira do setor de Pastoral."},"content":{"rendered":"<p>Ir. Rosa Ilma Lobato, conselheira de Pastoral da Prov\u00edncia de Nossa Senhora de Guadalupe, esteve visitando a comunidade Bem Aventurada Barbara Maix em Manaus nos dias 14 a 20 de junho. Foi um tempo de conviv\u00eancia, estudo, partilhas de vida, conhecimento da realidade \u00a0e miss\u00e3o onde as irm\u00e3s est\u00e3o inseridas.<\/p>\n<p>Nossa gratid\u00e3o a Ir. Rosa Ilma por esta conviv\u00eancia.<\/p>\n<p>Tamb\u00e9m acolhemos em nossa comunidade Ir. Le\u00f4nia Terezinha Weber que veio conhecer o trabalho com os migrantes, aprender um pouco do dialeto Creole, onde ir\u00e1 fazer um tempo de conv\u00edvio com as irm\u00e3s do Haiti.<\/p>\n<p>Ir. Le\u00f4nia, seja bem vinda e um bom tempo em nosso meio.<\/p>\n<p><a href=\"http:\/\/www.provinciaguadalupe.com.br\/site\/wp-content\/uploads\/2016\/06\/DSCN1229-C\u00f3pia.jpg\"><img loading=\"lazy\" decoding=\"async\" class=\"alignnone size-medium wp-image-675\" src=\"http:\/\/www.provinciaguadalupe.com.br\/site\/wp-content\/uploads\/2016\/06\/DSCN1229-C\u00f3pia-300x146.jpg\" alt=\"DSCN1229 - C\u00f3pia\" width=\"300\" height=\"146\" srcset=\"https:\/\/www.provinciaguadalupe.com.br\/site\/wp-content\/uploads\/2016\/06\/DSCN1229-C\u00f3pia-300x146.jpg 300w, https:\/\/www.provinciaguadalupe.com.br\/site\/wp-content\/uploads\/2016\/06\/DSCN1229-C\u00f3pia-1024x501.jpg 1024w\" sizes=\"auto, (max-width: 300px) 100vw, 300px\" \/><\/a> <a href=\"http:\/\/www.provinciaguadalupe.com.br\/site\/wp-content\/uploads\/2016\/06\/DSCN1229.jpg\"><img loading=\"lazy\" decoding=\"async\" class=\"alignnone size-medium wp-image-676\" src=\"http:\/\/www.provinciaguadalupe.com.br\/site\/wp-content\/uploads\/2016\/06\/DSCN1229-300x225.jpg\" alt=\"DSCN1229\" width=\"300\" height=\"225\" srcset=\"https:\/\/www.provinciaguadalupe.com.br\/site\/wp-content\/uploads\/2016\/06\/DSCN1229-300x225.jpg 300w, https:\/\/www.provinciaguadalupe.com.br\/site\/wp-content\/uploads\/2016\/06\/DSCN1229-1024x768.jpg 1024w\" sizes=\"auto, (max-width: 300px) 100vw, 300px\" \/><\/a><\/p>\n","protected":false},"excerpt":{"rendered":"<p>Ir. Rosa Ilma Lobato, conselheira de Pastoral da Prov\u00edncia de Nossa Senhora de Guadalupe, esteve visitando a comunidade Bem Aventurada Barbara Maix em Manaus nos dias 14 a 20 de<\/p>\n","protected":false},"author":3,"featured_media":675,"comment_status":"open","ping_status":"open","sticky":false,"template":"","format":"standard","meta":{"footnotes":""},"categories":[1,48],"tags":[],"class_list":["post-674","post","type-post","status-publish","format-standard","has-post-thumbnail","hentry","category-sem-categoria","category-noticias"],"_links":{"self":[{"href":"https:\/\/www.provinciaguadalupe.com.br\/site\/wp-json\/wp\/v2\/posts\/674","targetHints":{"allow":["GET"]}}],"collection":[{"href":"https:\/\/www.provinciaguadalupe.com.br\/site\/wp-json\/wp\/v2\/posts"}],"about":[{"href":"https:\/\/www.provinciaguadalupe.com.br\/site\/wp-json\/wp\/v2\/types\/post"}],"author":[{"embeddable":true,"href":"https:\/\/www.provinciaguadalupe.com.br\/site\/wp-json\/wp\/v2\/users\/3"}],"replies":[{"embeddable":true,"href":"https:\/\/www.provinciaguadalupe.com.br\/site\/wp-json\/wp\/v2\/comments?post=674"}],"version-history":[{"count":1,"href":"https:\/\/www.provinciaguadalupe.com.br\/site\/wp-json\/wp\/v2\/posts\/674\/revisions"}],"predecessor-version":[{"id":677,"href":"https:\/\/www.provinciaguadalupe.com.br\/site\/wp-json\/wp\/v2\/posts\/674\/revisions\/677"}],"wp:featuredmedia":[{"embeddable":true,"href":"https:\/\/www.provinciaguadalupe.com.br\/site\/wp-json\/wp\/v2\/media\/675"}],"wp:attachment":[{"href":"https:\/\/www.provinciaguadalupe.com.br\/site\/wp-json\/wp\/v2\/media?parent=674"}],"wp:term":[{"taxonomy":"category","embeddable":true,"href":"https:\/\/www.provinciaguadalupe.com.br\/site\/wp-json\/wp\/v2\/categories?post=674"},{"taxonomy":"post_tag","embeddable":true,"href":"https:\/\/www.provinciaguadalupe.com.br\/site\/wp-json\/wp\/v2\/tags?post=674"}],"curies":[{"name":"wp","href":"https:\/\/api.w.org\/{rel}","templated":true}]}}