{"id":661,"date":"2016-06-16T00:04:38","date_gmt":"2016-06-16T00:04:38","guid":{"rendered":"http:\/\/www.provinciaguadalupe.com.br\/site\/?p=661"},"modified":"2016-06-16T18:49:58","modified_gmt":"2016-06-16T18:49:58","slug":"assembleia-do-regional-venezuela-goiania-amazonas-tocantins-brasilia-mato-grosso-na-cidade-de-goiania","status":"publish","type":"post","link":"https:\/\/www.provinciaguadalupe.com.br\/site\/2016\/06\/16\/assembleia-do-regional-venezuela-goiania-amazonas-tocantins-brasilia-mato-grosso-na-cidade-de-goiania\/","title":{"rendered":"Assembleia do Regional: Venezuela, Goi\u00e2nia, Amazonas, Tocantins, Bras\u00edlia, Mato Grosso. Na cidade de Goi\u00e2nia."},"content":{"rendered":"<p>Nos dias 10 a 12 de junho de 2016 foi realizada a Assembleia\u00a0do Regional: Venezuela, Goi\u00e2nia, Amazonas, Tocantins, Bras\u00edlia, Mato Grosso. Na cidade de Goi\u00e2nia.<\/p>\n<p>Contou com a presen\u00e7a de \u00a025 irm\u00e3s, foi um tempo forte de olhar para a conjuntura atual, aprofundar a a\u00e7\u00e3o mission\u00e1ria no regional, bem como projetar a caminhada para 2017.<\/p>\n<p><a href=\"http:\/\/www.provinciaguadalupe.com.br\/site\/wp-content\/uploads\/2016\/06\/IMG_3600.jpg\"><img loading=\"lazy\" decoding=\"async\" class=\"alignnone size-medium wp-image-662\" src=\"http:\/\/www.provinciaguadalupe.com.br\/site\/wp-content\/uploads\/2016\/06\/IMG_3600-300x225.jpg\" alt=\"IMG_3600\" width=\"300\" height=\"225\" srcset=\"https:\/\/www.provinciaguadalupe.com.br\/site\/wp-content\/uploads\/2016\/06\/IMG_3600-300x225.jpg 300w, https:\/\/www.provinciaguadalupe.com.br\/site\/wp-content\/uploads\/2016\/06\/IMG_3600-1024x768.jpg 1024w\" sizes=\"auto, (max-width: 300px) 100vw, 300px\" \/><\/a> <a href=\"http:\/\/www.provinciaguadalupe.com.br\/site\/wp-content\/uploads\/2016\/06\/IMG_3607.jpg\"><img loading=\"lazy\" decoding=\"async\" class=\"alignnone size-medium wp-image-663\" src=\"http:\/\/www.provinciaguadalupe.com.br\/site\/wp-content\/uploads\/2016\/06\/IMG_3607-300x225.jpg\" alt=\"IMG_3607\" width=\"300\" height=\"225\" srcset=\"https:\/\/www.provinciaguadalupe.com.br\/site\/wp-content\/uploads\/2016\/06\/IMG_3607-300x225.jpg 300w, https:\/\/www.provinciaguadalupe.com.br\/site\/wp-content\/uploads\/2016\/06\/IMG_3607-1024x768.jpg 1024w\" sizes=\"auto, (max-width: 300px) 100vw, 300px\" \/><\/a> <a href=\"http:\/\/www.provinciaguadalupe.com.br\/site\/wp-content\/uploads\/2016\/06\/IMG_3613.jpg\"><img loading=\"lazy\" decoding=\"async\" class=\"alignnone size-medium wp-image-664\" src=\"http:\/\/www.provinciaguadalupe.com.br\/site\/wp-content\/uploads\/2016\/06\/IMG_3613-300x225.jpg\" alt=\"IMG_3613\" width=\"300\" height=\"225\" srcset=\"https:\/\/www.provinciaguadalupe.com.br\/site\/wp-content\/uploads\/2016\/06\/IMG_3613-300x225.jpg 300w, https:\/\/www.provinciaguadalupe.com.br\/site\/wp-content\/uploads\/2016\/06\/IMG_3613-1024x768.jpg 1024w\" sizes=\"auto, (max-width: 300px) 100vw, 300px\" \/><\/a> <a href=\"http:\/\/www.provinciaguadalupe.com.br\/site\/wp-content\/uploads\/2016\/06\/IMG_3654.jpg\"><img loading=\"lazy\" decoding=\"async\" class=\"alignnone size-medium wp-image-665\" src=\"http:\/\/www.provinciaguadalupe.com.br\/site\/wp-content\/uploads\/2016\/06\/IMG_3654-300x225.jpg\" alt=\"IMG_3654\" width=\"300\" height=\"225\" srcset=\"https:\/\/www.provinciaguadalupe.com.br\/site\/wp-content\/uploads\/2016\/06\/IMG_3654-300x225.jpg 300w, https:\/\/www.provinciaguadalupe.com.br\/site\/wp-content\/uploads\/2016\/06\/IMG_3654-1024x768.jpg 1024w\" sizes=\"auto, (max-width: 300px) 100vw, 300px\" \/><\/a><\/p>\n","protected":false},"excerpt":{"rendered":"<p>Nos dias 10 a 12 de junho de 2016 foi realizada a Assembleia\u00a0do Regional: Venezuela, Goi\u00e2nia, Amazonas, Tocantins, Bras\u00edlia, Mato Grosso. Na cidade de Goi\u00e2nia. Contou com a presen\u00e7a de<\/p>\n","protected":false},"author":3,"featured_media":665,"comment_status":"open","ping_status":"open","sticky":false,"template":"","format":"standard","meta":{"footnotes":""},"categories":[1,48],"tags":[],"class_list":["post-661","post","type-post","status-publish","format-standard","has-post-thumbnail","hentry","category-sem-categoria","category-noticias"],"_links":{"self":[{"href":"https:\/\/www.provinciaguadalupe.com.br\/site\/wp-json\/wp\/v2\/posts\/661","targetHints":{"allow":["GET"]}}],"collection":[{"href":"https:\/\/www.provinciaguadalupe.com.br\/site\/wp-json\/wp\/v2\/posts"}],"about":[{"href":"https:\/\/www.provinciaguadalupe.com.br\/site\/wp-json\/wp\/v2\/types\/post"}],"author":[{"embeddable":true,"href":"https:\/\/www.provinciaguadalupe.com.br\/site\/wp-json\/wp\/v2\/users\/3"}],"replies":[{"embeddable":true,"href":"https:\/\/www.provinciaguadalupe.com.br\/site\/wp-json\/wp\/v2\/comments?post=661"}],"version-history":[{"count":1,"href":"https:\/\/www.provinciaguadalupe.com.br\/site\/wp-json\/wp\/v2\/posts\/661\/revisions"}],"predecessor-version":[{"id":666,"href":"https:\/\/www.provinciaguadalupe.com.br\/site\/wp-json\/wp\/v2\/posts\/661\/revisions\/666"}],"wp:featuredmedia":[{"embeddable":true,"href":"https:\/\/www.provinciaguadalupe.com.br\/site\/wp-json\/wp\/v2\/media\/665"}],"wp:attachment":[{"href":"https:\/\/www.provinciaguadalupe.com.br\/site\/wp-json\/wp\/v2\/media?parent=661"}],"wp:term":[{"taxonomy":"category","embeddable":true,"href":"https:\/\/www.provinciaguadalupe.com.br\/site\/wp-json\/wp\/v2\/categories?post=661"},{"taxonomy":"post_tag","embeddable":true,"href":"https:\/\/www.provinciaguadalupe.com.br\/site\/wp-json\/wp\/v2\/tags?post=661"}],"curies":[{"name":"wp","href":"https:\/\/api.w.org\/{rel}","templated":true}]}}