{"id":611,"date":"2016-06-05T23:31:09","date_gmt":"2016-06-05T23:31:09","guid":{"rendered":"http:\/\/www.provinciaguadalupe.com.br\/site\/?p=611"},"modified":"2016-06-07T12:13:27","modified_gmt":"2016-06-07T12:13:27","slug":"comunidades-celebram-a-festa-do-imaculado-coracao-de-maria","status":"publish","type":"post","link":"https:\/\/www.provinciaguadalupe.com.br\/site\/2016\/06\/05\/comunidades-celebram-a-festa-do-imaculado-coracao-de-maria\/","title":{"rendered":"Comunidades celebram a festa do Imaculado Cora\u00e7\u00e3o de Maria."},"content":{"rendered":"<p>As comunidades celebraram com muito ardor a festa do Imaculado Cora\u00e7\u00e3o de Maria.<\/p>\n<p>Partilhamos a mensagem de nossa diretora Geral e algumas fotos das comunidades reunidas.<\/p>\n<blockquote><p><em>A todos v\u00f3s, (\u2026) dou-vos mil parab\u00e9ns, nesta grande festa do Sant\u00edssimo Nome de Maria, festa especial para todas n\u00f3s; e desejo a v\u00f3s todos que vos adorneis com a imita\u00e7\u00e3o das mais belas virtudes desta nossa M\u00e3e. Felizes de n\u00f3s que somos filhas\/os deste Cora\u00e7\u00e3o (Cf. B.Maix, 14.09.1871).<\/em><\/p><\/blockquote>\n<p><a href=\"http:\/\/www.icm-sec.org.br\/wp-content\/uploads\/2016\/06\/Cora%C3%A7%C3%A3o-de-Maria-Congreg.jpg\"><img loading=\"lazy\" decoding=\"async\" class=\"alignright wp-image-6363\" src=\"http:\/\/www.icm-sec.org.br\/wp-content\/uploads\/2016\/06\/Cora%C3%A7%C3%A3o-de-Maria-Congreg.jpg\" alt=\"Cora\u00e7\u00e3o de Maria Congreg\" width=\"257\" height=\"515\" \/><\/a>Ser filha ou filho do Cora\u00e7\u00e3o de Maria significa trazer, em si mesmo, a marca, a beleza, a felicidade, as atitudes da M\u00e3e de Jesus. Significa ainda cultivar os mesmos sentimentos de amor, de miseric\u00f3rdia, de cuidado, de carinho que Maria teve para com Jesus, com os disc\u00edpulos e com todas as pessoas, em especial com os pobres.<\/p>\n<p>O Papa Francisco, em uma de suas falas, afirmou: <em>A mulher consagrada \u00e9 \u00edcone de Maria<\/em>, ou seja, \u00e9 semelhante a Maria e, assemelhar-se a Maria \u00e9 tarefa bem exigente, mas necess\u00e1ria e urgente. A esse respeito B\u00e1rbara tamb\u00e9m escreve:<em>Desejo a v\u00f3s todas que vos adorneis com a imita\u00e7\u00e3o das mais belas virtudes desta nossa M\u00e3e\u2026 (\u2026) Uma filha de Maria olha s\u00f3 para onde est\u00e1 sua querida M\u00e3e e s\u00f3 procura amar a seu Jesus e ao pr\u00f3ximo por amor a Deus.<\/em><\/p>\n<p>Maria foi moldando a sua personalidade numa vida de proximidade com Deus. Ela foi t\u00e3o \u00edntima com a Trindade, a ponto de se tornar t\u00e3o especial que foi escolhida para ser a M\u00e3e de Jesus. Cultivando o sil\u00eancio interior, numa atitude de total abertura ao dom e \u00e0 a\u00e7\u00e3o do Esp\u00edrito Santo, ela foi observando a realidade injusta que a rodeava, e sentiu-se impelida a fazer algo por Deus e pelo seu povo. Aceitou gerar Jesus ao mundo, colaborando assim, com a reden\u00e7\u00e3o e a liberta\u00e7\u00e3o que Ele veio trazer.<\/p>\n<p>O apelo, para todos n\u00f3s, \u00e9 deixar-se modelar por Deus, a fim de tomar a forma de Maria, pessoas transfiguradas pela intimidade com Deus, s\u00e1bias e comprometidas com o an\u00fancio do Reino.<\/p>\n<p>O Papa pede \u00e0 Vida Religiosa para<em> testemunhar que Deus \u00e9 a felicidade<\/em>. E n\u00f3s somente poderemos dar esse testemunho, cultivando a felicidade de Deus, em n\u00f3s mesmos. A Bem-Aventurada B\u00e1rbara Maix, fundadora da Congrega\u00e7\u00e3o nos ajuda quando pede: <em>Quero que os Sant\u00edssimos Cora\u00e7\u00f5es de Jesus e de Maria fa\u00e7am um inc\u00eandio em vossos cora\u00e7\u00f5es e queimem tudo o que n\u00e3o \u00e9 de Jesus e de Maria, queimem at\u00e9 o alicerce e, sobre essa cinza, pe\u00e7o que o Esp\u00edrito Santo edifique um novo templo, mais belo e mais rico que o de Salom\u00e3o, para a honra de Deus e de Maria<\/em>. A constru\u00e7\u00e3o desse novo templo j\u00e1 tem o fundamento: Jesus Cristo. Sobre este fundamento queremos colocar os tijolos do comprometimento com Ele, da alegria, da miseric\u00f3rdia, da caridade, do bom humor, de um sorriso doce e am\u00e1vel, da abertura, do acolhimento, da valoriza\u00e7\u00e3o do outro, do cuidado rec\u00edproco, do adiantar-se \u00e0s necessidades dos outros, do testemunho da justi\u00e7a e da profecia. Essa constru\u00e7\u00e3o nos dar\u00e1 condi\u00e7\u00f5es para testemunhar que Deus \u00e9 a felicidade. O Imaculado Cora\u00e7\u00e3o de Maria nos ajude, aben\u00e7oe e proteja sempre!<\/p>\n<p>Feliz e Aben\u00e7oada Festa do Imaculado Cora\u00e7\u00e3o de Maria para todos!<\/p>\n<p><strong>Irm\u00e3 Marlise Hendges <\/strong><br \/>\nDiretora Geral e Conselho<\/p>\n<p><a href=\"http:\/\/www.provinciaguadalupe.com.br\/site\/wp-content\/uploads\/2016\/06\/13321618_1033183516731505_8819994563095890879_n.jpg\"><img loading=\"lazy\" decoding=\"async\" class=\"alignnone size-medium wp-image-615\" src=\"http:\/\/www.provinciaguadalupe.com.br\/site\/wp-content\/uploads\/2016\/06\/13321618_1033183516731505_8819994563095890879_n-300x200.jpg\" alt=\"13321618_1033183516731505_8819994563095890879_n\" width=\"300\" height=\"200\" srcset=\"https:\/\/www.provinciaguadalupe.com.br\/site\/wp-content\/uploads\/2016\/06\/13321618_1033183516731505_8819994563095890879_n-300x200.jpg 300w, https:\/\/www.provinciaguadalupe.com.br\/site\/wp-content\/uploads\/2016\/06\/13321618_1033183516731505_8819994563095890879_n.jpg 960w\" sizes=\"auto, (max-width: 300px) 100vw, 300px\" \/><\/a> <a href=\"http:\/\/www.provinciaguadalupe.com.br\/site\/wp-content\/uploads\/2016\/06\/13325729_252732665091781_6088716803538844885_n.jpg\"><img loading=\"lazy\" decoding=\"async\" class=\"alignnone size-medium wp-image-616\" src=\"http:\/\/www.provinciaguadalupe.com.br\/site\/wp-content\/uploads\/2016\/06\/13325729_252732665091781_6088716803538844885_n-300x168.jpg\" alt=\"13325729_252732665091781_6088716803538844885_n\" width=\"300\" height=\"168\" srcset=\"https:\/\/www.provinciaguadalupe.com.br\/site\/wp-content\/uploads\/2016\/06\/13325729_252732665091781_6088716803538844885_n-300x168.jpg 300w, https:\/\/www.provinciaguadalupe.com.br\/site\/wp-content\/uploads\/2016\/06\/13325729_252732665091781_6088716803538844885_n.jpg 960w\" sizes=\"auto, (max-width: 300px) 100vw, 300px\" \/><\/a> <a href=\"http:\/\/www.provinciaguadalupe.com.br\/site\/wp-content\/uploads\/2016\/06\/13336011_252732648425116_2777620188595362220_n.jpg\"><img loading=\"lazy\" decoding=\"async\" class=\"alignnone size-medium wp-image-617\" src=\"http:\/\/www.provinciaguadalupe.com.br\/site\/wp-content\/uploads\/2016\/06\/13336011_252732648425116_2777620188595362220_n-300x168.jpg\" alt=\"13336011_252732648425116_2777620188595362220_n\" width=\"300\" height=\"168\" srcset=\"https:\/\/www.provinciaguadalupe.com.br\/site\/wp-content\/uploads\/2016\/06\/13336011_252732648425116_2777620188595362220_n-300x168.jpg 300w, https:\/\/www.provinciaguadalupe.com.br\/site\/wp-content\/uploads\/2016\/06\/13336011_252732648425116_2777620188595362220_n.jpg 960w\" sizes=\"auto, (max-width: 300px) 100vw, 300px\" \/><\/a> <a href=\"http:\/\/www.provinciaguadalupe.com.br\/site\/wp-content\/uploads\/2016\/06\/13336145_1033194253397098_6363582627618167881_n.jpg\"><img loading=\"lazy\" decoding=\"async\" class=\"alignnone size-medium wp-image-618\" src=\"http:\/\/www.provinciaguadalupe.com.br\/site\/wp-content\/uploads\/2016\/06\/13336145_1033194253397098_6363582627618167881_n-200x300.jpg\" alt=\"13336145_1033194253397098_6363582627618167881_n\" width=\"200\" height=\"300\" srcset=\"https:\/\/www.provinciaguadalupe.com.br\/site\/wp-content\/uploads\/2016\/06\/13336145_1033194253397098_6363582627618167881_n-200x300.jpg 200w, https:\/\/www.provinciaguadalupe.com.br\/site\/wp-content\/uploads\/2016\/06\/13336145_1033194253397098_6363582627618167881_n.jpg 640w\" sizes=\"auto, (max-width: 200px) 100vw, 200px\" \/><\/a> <a href=\"http:\/\/www.provinciaguadalupe.com.br\/site\/wp-content\/uploads\/2016\/06\/13393898_252732601758454_1260616512807515916_n.jpg\"><img loading=\"lazy\" decoding=\"async\" class=\"alignnone size-medium wp-image-621\" src=\"http:\/\/www.provinciaguadalupe.com.br\/site\/wp-content\/uploads\/2016\/06\/13393898_252732601758454_1260616512807515916_n-300x168.jpg\" alt=\"13393898_252732601758454_1260616512807515916_n\" width=\"300\" height=\"168\" srcset=\"https:\/\/www.provinciaguadalupe.com.br\/site\/wp-content\/uploads\/2016\/06\/13393898_252732601758454_1260616512807515916_n-300x168.jpg 300w, https:\/\/www.provinciaguadalupe.com.br\/site\/wp-content\/uploads\/2016\/06\/13393898_252732601758454_1260616512807515916_n.jpg 427w\" sizes=\"auto, (max-width: 300px) 100vw, 300px\" \/><\/a><a href=\"http:\/\/www.provinciaguadalupe.com.br\/site\/wp-content\/uploads\/2016\/06\/13319905_989410201128099_8206462139547814146_n.jpg\"><img loading=\"lazy\" decoding=\"async\" class=\"alignnone size-medium wp-image-622\" src=\"http:\/\/www.provinciaguadalupe.com.br\/site\/wp-content\/uploads\/2016\/06\/13319905_989410201128099_8206462139547814146_n-300x180.jpg\" alt=\"13319905_989410201128099_8206462139547814146_n\" width=\"300\" height=\"180\" srcset=\"https:\/\/www.provinciaguadalupe.com.br\/site\/wp-content\/uploads\/2016\/06\/13319905_989410201128099_8206462139547814146_n-300x180.jpg 300w, https:\/\/www.provinciaguadalupe.com.br\/site\/wp-content\/uploads\/2016\/06\/13319905_989410201128099_8206462139547814146_n.jpg 960w\" sizes=\"auto, (max-width: 300px) 100vw, 300px\" \/><\/a><a href=\"http:\/\/www.provinciaguadalupe.com.br\/site\/wp-content\/uploads\/2016\/06\/13346809_989410381128081_4317133083481945130_n.jpg\"><img loading=\"lazy\" decoding=\"async\" class=\"alignnone size-medium wp-image-623\" src=\"http:\/\/www.provinciaguadalupe.com.br\/site\/wp-content\/uploads\/2016\/06\/13346809_989410381128081_4317133083481945130_n-300x180.jpg\" alt=\"13346809_989410381128081_4317133083481945130_n\" width=\"300\" height=\"180\" srcset=\"https:\/\/www.provinciaguadalupe.com.br\/site\/wp-content\/uploads\/2016\/06\/13346809_989410381128081_4317133083481945130_n-300x180.jpg 300w, https:\/\/www.provinciaguadalupe.com.br\/site\/wp-content\/uploads\/2016\/06\/13346809_989410381128081_4317133083481945130_n.jpg 960w\" sizes=\"auto, (max-width: 300px) 100vw, 300px\" \/><\/a><\/p>\n","protected":false},"excerpt":{"rendered":"<p>As comunidades celebraram com muito ardor a festa do Imaculado Cora\u00e7\u00e3o de Maria. Partilhamos a mensagem de nossa diretora Geral e algumas fotos das comunidades reunidas. A todos v\u00f3s, (\u2026)<\/p>\n","protected":false},"author":3,"featured_media":616,"comment_status":"open","ping_status":"open","sticky":false,"template":"","format":"standard","meta":{"footnotes":""},"categories":[1,48],"tags":[],"class_list":["post-611","post","type-post","status-publish","format-standard","has-post-thumbnail","hentry","category-sem-categoria","category-noticias"],"_links":{"self":[{"href":"https:\/\/www.provinciaguadalupe.com.br\/site\/wp-json\/wp\/v2\/posts\/611","targetHints":{"allow":["GET"]}}],"collection":[{"href":"https:\/\/www.provinciaguadalupe.com.br\/site\/wp-json\/wp\/v2\/posts"}],"about":[{"href":"https:\/\/www.provinciaguadalupe.com.br\/site\/wp-json\/wp\/v2\/types\/post"}],"author":[{"embeddable":true,"href":"https:\/\/www.provinciaguadalupe.com.br\/site\/wp-json\/wp\/v2\/users\/3"}],"replies":[{"embeddable":true,"href":"https:\/\/www.provinciaguadalupe.com.br\/site\/wp-json\/wp\/v2\/comments?post=611"}],"version-history":[{"count":2,"href":"https:\/\/www.provinciaguadalupe.com.br\/site\/wp-json\/wp\/v2\/posts\/611\/revisions"}],"predecessor-version":[{"id":624,"href":"https:\/\/www.provinciaguadalupe.com.br\/site\/wp-json\/wp\/v2\/posts\/611\/revisions\/624"}],"wp:featuredmedia":[{"embeddable":true,"href":"https:\/\/www.provinciaguadalupe.com.br\/site\/wp-json\/wp\/v2\/media\/616"}],"wp:attachment":[{"href":"https:\/\/www.provinciaguadalupe.com.br\/site\/wp-json\/wp\/v2\/media?parent=611"}],"wp:term":[{"taxonomy":"category","embeddable":true,"href":"https:\/\/www.provinciaguadalupe.com.br\/site\/wp-json\/wp\/v2\/categories?post=611"},{"taxonomy":"post_tag","embeddable":true,"href":"https:\/\/www.provinciaguadalupe.com.br\/site\/wp-json\/wp\/v2\/tags?post=611"}],"curies":[{"name":"wp","href":"https:\/\/api.w.org\/{rel}","templated":true}]}}