{"id":605,"date":"2016-06-05T23:03:41","date_gmt":"2016-06-05T23:03:41","guid":{"rendered":"http:\/\/www.provinciaguadalupe.com.br\/site\/?p=605"},"modified":"2016-06-07T12:12:06","modified_gmt":"2016-06-07T12:12:06","slug":"encontro-nacional-da-rede-um-grito-pelo-vida","status":"publish","type":"post","link":"https:\/\/www.provinciaguadalupe.com.br\/site\/2016\/06\/05\/encontro-nacional-da-rede-um-grito-pelo-vida\/","title":{"rendered":"Encontro Nacional da Rede Um Grito Pelo Vida."},"content":{"rendered":"<p>&#8220;Miss\u00e3o em Rede no Enfrentamento ao Tr\u00e1fico de Pessoas&#8221;, foi o tema do encontro de forma\u00e7\u00e3o de articulador@s e referenciais das regi\u00f5es e n\u00facleos da Rede Grito pela Vida que se reuniram de 03 a 05 de junho, na Casa de Retiros Assun\u00e7\u0101o \u2013 Bras\u00edlia \u2013 DF.<\/p>\n<p><a href=\"http:\/\/www.provinciaguadalupe.com.br\/site\/wp-content\/uploads\/2016\/06\/13322029_10205164078060476_3638135632602969028_n.jpg\"><img loading=\"lazy\" decoding=\"async\" class=\"alignnone size-medium wp-image-608\" src=\"http:\/\/www.provinciaguadalupe.com.br\/site\/wp-content\/uploads\/2016\/06\/13322029_10205164078060476_3638135632602969028_n-300x168.jpg\" alt=\"13322029_10205164078060476_3638135632602969028_n\" width=\"300\" height=\"168\" srcset=\"https:\/\/www.provinciaguadalupe.com.br\/site\/wp-content\/uploads\/2016\/06\/13322029_10205164078060476_3638135632602969028_n-300x168.jpg 300w, https:\/\/www.provinciaguadalupe.com.br\/site\/wp-content\/uploads\/2016\/06\/13322029_10205164078060476_3638135632602969028_n.jpg 960w\" sizes=\"auto, (max-width: 300px) 100vw, 300px\" \/><\/a><a href=\"http:\/\/www.provinciaguadalupe.com.br\/site\/wp-content\/uploads\/2016\/06\/13322097_10205164077620465_3187199212975147102_n.jpg\"><img loading=\"lazy\" decoding=\"async\" class=\"alignnone size-medium wp-image-609\" src=\"http:\/\/www.provinciaguadalupe.com.br\/site\/wp-content\/uploads\/2016\/06\/13322097_10205164077620465_3187199212975147102_n-300x168.jpg\" alt=\"13322097_10205164077620465_3187199212975147102_n\" width=\"300\" height=\"168\" srcset=\"https:\/\/www.provinciaguadalupe.com.br\/site\/wp-content\/uploads\/2016\/06\/13322097_10205164077620465_3187199212975147102_n-300x168.jpg 300w, https:\/\/www.provinciaguadalupe.com.br\/site\/wp-content\/uploads\/2016\/06\/13322097_10205164077620465_3187199212975147102_n.jpg 960w\" sizes=\"auto, (max-width: 300px) 100vw, 300px\" \/><\/a><\/p>\n","protected":false},"excerpt":{"rendered":"<p>&#8220;Miss\u00e3o em Rede no Enfrentamento ao Tr\u00e1fico de Pessoas&#8221;, foi o tema do encontro de forma\u00e7\u00e3o de articulador@s e referenciais das regi\u00f5es e n\u00facleos da Rede Grito pela Vida que<\/p>\n","protected":false},"author":3,"featured_media":608,"comment_status":"open","ping_status":"open","sticky":false,"template":"","format":"standard","meta":{"footnotes":""},"categories":[1,2,48],"tags":[],"class_list":["post-605","post","type-post","status-publish","format-standard","has-post-thumbnail","hentry","category-sem-categoria","category-adventures-category","category-noticias"],"_links":{"self":[{"href":"https:\/\/www.provinciaguadalupe.com.br\/site\/wp-json\/wp\/v2\/posts\/605","targetHints":{"allow":["GET"]}}],"collection":[{"href":"https:\/\/www.provinciaguadalupe.com.br\/site\/wp-json\/wp\/v2\/posts"}],"about":[{"href":"https:\/\/www.provinciaguadalupe.com.br\/site\/wp-json\/wp\/v2\/types\/post"}],"author":[{"embeddable":true,"href":"https:\/\/www.provinciaguadalupe.com.br\/site\/wp-json\/wp\/v2\/users\/3"}],"replies":[{"embeddable":true,"href":"https:\/\/www.provinciaguadalupe.com.br\/site\/wp-json\/wp\/v2\/comments?post=605"}],"version-history":[{"count":2,"href":"https:\/\/www.provinciaguadalupe.com.br\/site\/wp-json\/wp\/v2\/posts\/605\/revisions"}],"predecessor-version":[{"id":627,"href":"https:\/\/www.provinciaguadalupe.com.br\/site\/wp-json\/wp\/v2\/posts\/605\/revisions\/627"}],"wp:featuredmedia":[{"embeddable":true,"href":"https:\/\/www.provinciaguadalupe.com.br\/site\/wp-json\/wp\/v2\/media\/608"}],"wp:attachment":[{"href":"https:\/\/www.provinciaguadalupe.com.br\/site\/wp-json\/wp\/v2\/media?parent=605"}],"wp:term":[{"taxonomy":"category","embeddable":true,"href":"https:\/\/www.provinciaguadalupe.com.br\/site\/wp-json\/wp\/v2\/categories?post=605"},{"taxonomy":"post_tag","embeddable":true,"href":"https:\/\/www.provinciaguadalupe.com.br\/site\/wp-json\/wp\/v2\/tags?post=605"}],"curies":[{"name":"wp","href":"https:\/\/api.w.org\/{rel}","templated":true}]}}