{"id":589,"date":"2016-05-30T20:12:12","date_gmt":"2016-05-30T20:12:12","guid":{"rendered":"http:\/\/www.provinciaguadalupe.com.br\/site\/?p=589"},"modified":"2016-06-01T18:13:53","modified_gmt":"2016-06-01T18:13:53","slug":"aspirantes-e-novica-da-comunidade-de-picos-em-entrevista-a-radio-fm","status":"publish","type":"post","link":"https:\/\/www.provinciaguadalupe.com.br\/site\/2016\/05\/30\/aspirantes-e-novica-da-comunidade-de-picos-em-entrevista-a-radio-fm\/","title":{"rendered":"Aspirantes e novi\u00e7a da Comunidade de Picos, em entrevista a r\u00e1dio FM."},"content":{"rendered":"<div id=\"js_ee\" class=\"_5pbx userContent\" data-ft=\"{&quot;tn&quot;:&quot;K&quot;}\">\n<p style=\"text-align: justify;\">Aspirante, Helem <a class=\"profileLink\" href=\"https:\/\/www.facebook.com\/helenregina.oliveira\" data-hovercard=\"\/ajax\/hovercard\/user.php?id=100002421263145\">Helen Regina Brand\u00e3o de Oliveira<\/a> e a novi\u00e7a <a class=\"profileLink\" href=\"https:\/\/www.facebook.com\/celialuci.apolinario\" data-hovercard=\"\/ajax\/hovercard\/user.php?id=100003860646171\">Celia Luci Apolinario<\/a>, sendo entrevistadas na R\u00e1dio FM de Picos -PI.\u00a0No ano vocacional, as duas falaram sobre sua voca\u00e7\u00e3o para assumir uma miss\u00e3o espec\u00edfica como Irm\u00e3 do Imaculado Cora\u00e7\u00e3o de maria &#8211; ICM e a import\u00e2ncia do ano vocacional.\u00a0E assim, que outras pessoas possam escutar a voz de Deus e procurar descobri sua VOCA\u00c7\u00c3O, para uma vida feliz e realizada.<\/p>\n<div class=\"_5wpt\" style=\"text-align: justify;\"><\/div>\n<\/div>\n<div class=\"_3x-2\"><\/div>\n","protected":false},"excerpt":{"rendered":"<p>Aspirante, Helem Helen Regina Brand\u00e3o de Oliveira e a novi\u00e7a Celia Luci Apolinario, sendo entrevistadas na R\u00e1dio FM de Picos -PI.\u00a0No ano vocacional, as duas falaram sobre sua voca\u00e7\u00e3o para<\/p>\n","protected":false},"author":3,"featured_media":590,"comment_status":"open","ping_status":"open","sticky":false,"template":"","format":"standard","meta":{"footnotes":""},"categories":[1,3,48],"tags":[],"class_list":["post-589","post","type-post","status-publish","format-standard","has-post-thumbnail","hentry","category-sem-categoria","category-audi-category","category-noticias"],"_links":{"self":[{"href":"https:\/\/www.provinciaguadalupe.com.br\/site\/wp-json\/wp\/v2\/posts\/589","targetHints":{"allow":["GET"]}}],"collection":[{"href":"https:\/\/www.provinciaguadalupe.com.br\/site\/wp-json\/wp\/v2\/posts"}],"about":[{"href":"https:\/\/www.provinciaguadalupe.com.br\/site\/wp-json\/wp\/v2\/types\/post"}],"author":[{"embeddable":true,"href":"https:\/\/www.provinciaguadalupe.com.br\/site\/wp-json\/wp\/v2\/users\/3"}],"replies":[{"embeddable":true,"href":"https:\/\/www.provinciaguadalupe.com.br\/site\/wp-json\/wp\/v2\/comments?post=589"}],"version-history":[{"count":5,"href":"https:\/\/www.provinciaguadalupe.com.br\/site\/wp-json\/wp\/v2\/posts\/589\/revisions"}],"predecessor-version":[{"id":597,"href":"https:\/\/www.provinciaguadalupe.com.br\/site\/wp-json\/wp\/v2\/posts\/589\/revisions\/597"}],"wp:featuredmedia":[{"embeddable":true,"href":"https:\/\/www.provinciaguadalupe.com.br\/site\/wp-json\/wp\/v2\/media\/590"}],"wp:attachment":[{"href":"https:\/\/www.provinciaguadalupe.com.br\/site\/wp-json\/wp\/v2\/media?parent=589"}],"wp:term":[{"taxonomy":"category","embeddable":true,"href":"https:\/\/www.provinciaguadalupe.com.br\/site\/wp-json\/wp\/v2\/categories?post=589"},{"taxonomy":"post_tag","embeddable":true,"href":"https:\/\/www.provinciaguadalupe.com.br\/site\/wp-json\/wp\/v2\/tags?post=589"}],"curies":[{"name":"wp","href":"https:\/\/api.w.org\/{rel}","templated":true}]}}