{"id":555,"date":"2016-05-08T13:24:49","date_gmt":"2016-05-08T13:24:49","guid":{"rendered":"http:\/\/www.provinciaguadalupe.com.br\/site\/?p=555"},"modified":"2016-05-08T13:51:18","modified_gmt":"2016-05-08T13:51:18","slug":"festa-da-fundacao-da-congregacao-2","status":"publish","type":"post","link":"https:\/\/www.provinciaguadalupe.com.br\/site\/2016\/05\/08\/festa-da-fundacao-da-congregacao-2\/","title":{"rendered":"Festa da funda\u00e7\u00e3o da congrega\u00e7\u00e3o"},"content":{"rendered":"<p>S\u00e3o Paulo, 06 de maio de 2016.<\/p>\n<p>&nbsp;<\/p>\n<p><em>Muito queridas Irm\u00e3s das Comunidades da Prov\u00edncia Nossa Senhora de Guadalupe<\/em><\/p>\n<p>Parab\u00e9ns a todas n\u00f3s: Irm\u00e3s, Novi\u00e7a, Postulantes, Aspirantes, vocacionadas e todas as pessoas Leigas e Leigos, que compartilham do Carisma, da Espiritualidade e da Miss\u00e3o &#8211; ICM!<\/p>\n<p>Floresce, Floresce, Floresce l\u00e1, onde Deus te colocou!<\/p>\n<p>Neste dia 08 de maio de 2016 comemoramos com alegria, mais um Ano de Vida e Funda\u00e7\u00e3o de nossa querida Congrega\u00e7\u00e3o das Irm\u00e3s do Imaculado Cora\u00e7\u00e3o de Maria.<\/p>\n<p>Nossa Fam\u00edlia ICM est\u00e1 em Festa!<\/p>\n<p>Unimo-nos como Irm\u00e3s desta querida Congrega\u00e7\u00e3o, para juntas entoarmos cantos e louvores em A\u00e7\u00e3o de Gra\u00e7as ao Deus da vida e Senhor da Hist\u00f3ria pelos 167 Anos de Funda\u00e7\u00e3o. Ele est\u00e1 sempre a nossa frente. \u00c9 a luz a iluminar o caminho para que possamos caminhar seguras e ultrapassar todos os perigos e obst\u00e1culos, que porventura encontrarmos ao longo do caminho.<\/p>\n<p>Caminheira voc\u00ea sabe, n\u00e3o existe caminho, passo a passo, pouco a pouco e o caminho se faz.<\/p>\n<p>Nossa Congrega\u00e7\u00e3o \u00e9 mais que Centen\u00e1ria.\u00a0 Uma Institui\u00e7\u00e3o s\u00e9ria, pela qual temos o compromisso de zelar pela sua exist\u00eancia e continua\u00e7\u00e3o. Reconhecemos o valor incompar\u00e1vel de nossas Companheiras do passado e de hoje, em nossos espa\u00e7os espec\u00edficos de miss\u00e3o, continuamos fazendo Hist\u00f3ria, iniciada por nossa querida B\u00e1rbara Maix e Grupo Fundante. Elas foram sementes que voaram longe de sua Terra Natal e foram brotar crescer, frutificar neste continente Latino Americano \u2013 BRASIL!<\/p>\n<p>Hoje somos um grupo que continua COMPROMETIDO COM A DEFESA E PROMO\u00c7\u00c3O DA VIDA &#8211; frutificando \u2013 florescendo onde Deus nos plantou. Muitas de n\u00f3s estamos no Brasil \u2013 em dias t\u00e3o sombrios &#8211; a Terra Natal que amamos e a defendemos! \u00a0Outras Irm\u00e3s &#8211; est\u00e3o pisando solos em Terra de Miss\u00e3o al\u00e9m Fronteira&#8230; Formamos uma \u00fanica ciranda em esp\u00edrito e Vida!<\/p>\n<p>Louvemos queridas Irm\u00e3s por nossa Congrega\u00e7\u00e3o continuar viva, possibilitando-nos realizar, sonhar e viver a justi\u00e7a e a profecia do Reino de Deus, fortalecendo os sonhos pessoais e coletivos, nossos e de muitas pessoas que acreditam e compartilham do mesmo amor a causa, intensificada na f\u00e9 e na esperan\u00e7a, entregam a vida como doa\u00e7\u00e3o e empenho pela causa de Jesus Cristo, o Reino de Deus a servi\u00e7o da Evangeliza\u00e7\u00e3o, Forma\u00e7\u00e3o, Educa\u00e7\u00e3o, Sa\u00fade, Assist\u00eancia Social\u00a0 e outras realidades.<\/p>\n<p>Chegamos at\u00e9 voc\u00ea para saud\u00e1-la com carinho neste dia Festivo para todas n\u00f3s!<\/p>\n<p>Que Deus aben\u00e7oe a todas e que o Imaculado Cora\u00e7\u00e3o de Maria e a Bem Aventurada B\u00e1rbara intercedam por cada uma de n\u00f3s!<\/p>\n<p>Irm\u00e3 Maria In\u00eas Alves Sampaio<\/p>\n<p>Coordenadora Provincial<\/p>\n","protected":false},"excerpt":{"rendered":"<p>S\u00e3o Paulo, 06 de maio de 2016. &nbsp; Muito queridas Irm\u00e3s das Comunidades da Prov\u00edncia Nossa Senhora de Guadalupe Parab\u00e9ns a todas n\u00f3s: Irm\u00e3s, Novi\u00e7a, Postulantes, Aspirantes, vocacionadas e todas<\/p>\n","protected":false},"author":3,"featured_media":0,"comment_status":"open","ping_status":"open","sticky":false,"template":"","format":"standard","meta":{"footnotes":""},"categories":[1,2,3,9,48],"tags":[],"class_list":["post-555","post","type-post","status-publish","format-standard","hentry","category-sem-categoria","category-adventures-category","category-audi-category","category-music-category","category-noticias"],"_links":{"self":[{"href":"https:\/\/www.provinciaguadalupe.com.br\/site\/wp-json\/wp\/v2\/posts\/555","targetHints":{"allow":["GET"]}}],"collection":[{"href":"https:\/\/www.provinciaguadalupe.com.br\/site\/wp-json\/wp\/v2\/posts"}],"about":[{"href":"https:\/\/www.provinciaguadalupe.com.br\/site\/wp-json\/wp\/v2\/types\/post"}],"author":[{"embeddable":true,"href":"https:\/\/www.provinciaguadalupe.com.br\/site\/wp-json\/wp\/v2\/users\/3"}],"replies":[{"embeddable":true,"href":"https:\/\/www.provinciaguadalupe.com.br\/site\/wp-json\/wp\/v2\/comments?post=555"}],"version-history":[{"count":1,"href":"https:\/\/www.provinciaguadalupe.com.br\/site\/wp-json\/wp\/v2\/posts\/555\/revisions"}],"predecessor-version":[{"id":556,"href":"https:\/\/www.provinciaguadalupe.com.br\/site\/wp-json\/wp\/v2\/posts\/555\/revisions\/556"}],"wp:attachment":[{"href":"https:\/\/www.provinciaguadalupe.com.br\/site\/wp-json\/wp\/v2\/media?parent=555"}],"wp:term":[{"taxonomy":"category","embeddable":true,"href":"https:\/\/www.provinciaguadalupe.com.br\/site\/wp-json\/wp\/v2\/categories?post=555"},{"taxonomy":"post_tag","embeddable":true,"href":"https:\/\/www.provinciaguadalupe.com.br\/site\/wp-json\/wp\/v2\/tags?post=555"}],"curies":[{"name":"wp","href":"https:\/\/api.w.org\/{rel}","templated":true}]}}