{"id":542,"date":"2016-04-08T20:21:33","date_gmt":"2016-04-08T20:21:33","guid":{"rendered":"http:\/\/www.provinciaguadalupe.com.br\/site\/?p=542"},"modified":"2016-04-08T20:22:22","modified_gmt":"2016-04-08T20:22:22","slug":"irma-ernilda-souza-relata-a-acolhida-na-comunidade-intercongregacional","status":"publish","type":"post","link":"https:\/\/www.provinciaguadalupe.com.br\/site\/2016\/04\/08\/irma-ernilda-souza-relata-a-acolhida-na-comunidade-intercongregacional\/","title":{"rendered":"Irm\u00e3 Ernilda Souza relata a acolhida na comunidade intercongregacional"},"content":{"rendered":"<p style=\"text-align: justify;\">Irm\u00e3 Ernilda Souza do Nascimento<a href=\"http:\/\/www.provinciaguadalupe.com.br\/site\/2016\/03\/30\/irma-ernilda-souza-e-enviada-para-missao-intercongregacional-em-assentamento\/\"><strong> integra a comunidade intercongregacional<\/strong><\/a> em Baliza, estado de Goi\u00e1s, juntamente com as Irm\u00e3s Anne Marie Marvin e Ellen In\u00eas Kuhl, da Congrega\u00e7\u00e3o das Irm\u00e3s de S\u00e3o Jos\u00e9.<\/p>\n<p style=\"text-align: justify;\">As Irm\u00e3s partilham conosco a chegada na comunidade local, a acolhida na par\u00f3quia e na comunidade do Assentamento Bandeirantes.<\/p>\n<p style=\"text-align: justify;\">Confira:<\/p>\n<p style=\"text-align: justify;\">Chegada dia 13 de Mar\u00e7o de 2016.<\/p>\n<p style=\"text-align: justify;\">Desembarque em Bom Jardim. Padre Fernando Rosa Santos, P\u00e1roco na Cidade de Bom Jardim que, atende a Par\u00f3quia de Baliza, nos aguardava juntamente com pessoas da Comunidade. Padre Fernando nos serviu suco e \u00e1gua em sua casa e seguimos para Baliza<\/p>\n<p>Pessoas da Par\u00f3quia e dos Assentamentos nos aguardavam com faixa de Boas vindas, fogos e um lanche muito gostoso, isto por volta das 17 horas. Devagarinho as pessoas foram, saindo, pois as 19h30min haveria Celebra\u00e7\u00e3o Eucar\u00edstica, logo ap\u00f3s jantar festivo por v\u00e1rios motivos: chegada das Irm\u00e3s, inaugura\u00e7\u00e3o do Sal\u00e3o Paroquial e comemora\u00e7\u00e3o dos quatro anos de chegada do Pe. Fernando Rosa, na Par\u00f3quia. Ao final da Missa houve fala do Prefeito municipal e de pessoas da Comunidade. O Jantar foi servido para todas as pessoas presentes, acompanhado de m\u00fasica ao vivo. Estavam presentes al\u00e9m de moradores de Baliza, pessoas da Cidade de Torixor\u00e9u-MT acompanhadas pelas Irm\u00e3s da Congrega\u00e7\u00e3o da Copiosa Reden\u00e7\u00e3o,de Bom Jardim-GO, dos Assentamentos Bandeirantes, Vale do Araguaia e Bebedouro. Ao final, pessoas aguardavam para cumprimentar as Irm\u00e3s, dando boas vindas e se colocando a disposi\u00e7\u00e3o.<br \/>\nGuardamos parte das palavras de D. Luzia Arantes que falou em nome de todos.<\/p>\n<blockquote>\n<p style=\"text-align: justify;\">\u201cEm fim voc\u00eas chegaram!<br \/>\nRespiramos fundo e sorrimos. Nosso Sonho foi realizado! (&#8230;) Recebemos o melhor presente de Deus, Dom Carmelo e Padre Fernando nos puderam proporcionar (&#8230;). Esperamos que sejamos bons amigos e companheiros e que saibamos retribuir e que saibamos retribuir esse presente com muito carinho, amizade, compreens\u00e3o, simpatia, alegria, solidariedade, aten\u00e7\u00e3o e sobre tudo \u201clealdade\u201d.<br \/>\nEsperamos que nos aceitem e nos amem como somos: povo simples, mas acolhedor e alegre. A solenidade de boas vindas (&#8230;) significa uma partilha de vida com todos os nossos irm\u00e3os. Que sejamos tudo para cada um deles.<br \/>\nIrm\u00e3s Anne, Helena e Ernilda saibam que estamos recebendo-as como presente de Deus, pois estamos muito felizes. Feliz \u00e9 pouco, felic\u00edssimos, porque voc\u00eas vieram para somar com todos n\u00f3s.<br \/>\nQue Deus esteja conosco! Obrigada\u201d<\/p>\n<\/blockquote>\n<p style=\"text-align: justify;\"><a href=\"http:\/\/www.provinciaguadalupe.com.br\/site\/wp-content\/uploads\/2016\/04\/ernilda-02.jpg\"><img loading=\"lazy\" decoding=\"async\" class=\"aligncenter wp-image-544\" src=\"http:\/\/www.provinciaguadalupe.com.br\/site\/wp-content\/uploads\/2016\/04\/ernilda-02-1024x760.jpg\" alt=\"ernilda 02\" width=\"800\" height=\"594\" srcset=\"https:\/\/www.provinciaguadalupe.com.br\/site\/wp-content\/uploads\/2016\/04\/ernilda-02-1024x760.jpg 1024w, https:\/\/www.provinciaguadalupe.com.br\/site\/wp-content\/uploads\/2016\/04\/ernilda-02-300x222.jpg 300w, https:\/\/www.provinciaguadalupe.com.br\/site\/wp-content\/uploads\/2016\/04\/ernilda-02.jpg 1244w\" sizes=\"auto, (max-width: 800px) 100vw, 800px\" \/><\/a><\/p>\n<p style=\"text-align: justify;\">Encerrando as festividades fomos para casa, com a sensa\u00e7\u00e3o de que est\u00e1vamos no lugar certo e na hora certa. Agradecemos a Deus, nos recolhemos n\u00e3o, sem antes responder a varias senhoras que nos interrogavam se precis\u00e1vamos de mais alguma coisa.<\/p>\n<p style=\"text-align: justify;\">Ir. Ernilda Souza do Nascimento<\/p>\n","protected":false},"excerpt":{"rendered":"<p>Irm\u00e3 Ernilda Souza do Nascimento integra a comunidade intercongregacional em Baliza, estado de Goi\u00e1s, juntamente com as Irm\u00e3s Anne Marie Marvin e Ellen In\u00eas Kuhl, da Congrega\u00e7\u00e3o das Irm\u00e3s de<\/p>\n","protected":false},"author":2,"featured_media":543,"comment_status":"open","ping_status":"open","sticky":false,"template":"","format":"standard","meta":{"footnotes":""},"categories":[2,48],"tags":[],"class_list":["post-542","post","type-post","status-publish","format-standard","has-post-thumbnail","hentry","category-adventures-category","category-noticias"],"_links":{"self":[{"href":"https:\/\/www.provinciaguadalupe.com.br\/site\/wp-json\/wp\/v2\/posts\/542","targetHints":{"allow":["GET"]}}],"collection":[{"href":"https:\/\/www.provinciaguadalupe.com.br\/site\/wp-json\/wp\/v2\/posts"}],"about":[{"href":"https:\/\/www.provinciaguadalupe.com.br\/site\/wp-json\/wp\/v2\/types\/post"}],"author":[{"embeddable":true,"href":"https:\/\/www.provinciaguadalupe.com.br\/site\/wp-json\/wp\/v2\/users\/2"}],"replies":[{"embeddable":true,"href":"https:\/\/www.provinciaguadalupe.com.br\/site\/wp-json\/wp\/v2\/comments?post=542"}],"version-history":[{"count":2,"href":"https:\/\/www.provinciaguadalupe.com.br\/site\/wp-json\/wp\/v2\/posts\/542\/revisions"}],"predecessor-version":[{"id":546,"href":"https:\/\/www.provinciaguadalupe.com.br\/site\/wp-json\/wp\/v2\/posts\/542\/revisions\/546"}],"wp:featuredmedia":[{"embeddable":true,"href":"https:\/\/www.provinciaguadalupe.com.br\/site\/wp-json\/wp\/v2\/media\/543"}],"wp:attachment":[{"href":"https:\/\/www.provinciaguadalupe.com.br\/site\/wp-json\/wp\/v2\/media?parent=542"}],"wp:term":[{"taxonomy":"category","embeddable":true,"href":"https:\/\/www.provinciaguadalupe.com.br\/site\/wp-json\/wp\/v2\/categories?post=542"},{"taxonomy":"post_tag","embeddable":true,"href":"https:\/\/www.provinciaguadalupe.com.br\/site\/wp-json\/wp\/v2\/tags?post=542"}],"curies":[{"name":"wp","href":"https:\/\/api.w.org\/{rel}","templated":true}]}}