{"id":480,"date":"2016-03-08T13:42:20","date_gmt":"2016-03-08T13:42:20","guid":{"rendered":"http:\/\/www.provinciaguadalupe.com.br\/site\/?p=480"},"modified":"2016-03-08T14:08:17","modified_gmt":"2016-03-08T14:08:17","slug":"mensagem-da-provincial-ir-maria-ines-para-a-inauguracao-do-site-icm","status":"publish","type":"post","link":"https:\/\/www.provinciaguadalupe.com.br\/site\/2016\/03\/08\/mensagem-da-provincial-ir-maria-ines-para-a-inauguracao-do-site-icm\/","title":{"rendered":"Mensagem da Provincial, Ir. Maria In\u00eas, para o site da Prov\u00edncia"},"content":{"rendered":"<p style=\"text-align: center;\"><strong>Dia Internacional da Mulher<\/strong><\/p>\n<p style=\"text-align: justify;\">Com alegria e muita esperan\u00e7a estamos lan\u00e7ando o site da Prov\u00edncia Nossa Senhora de Guadalupe. Nele estaremos compartilhando com toda a Congrega\u00e7\u00e3o e com voc\u00ea que nos acessa a A\u00e7\u00e3o das Irm\u00e3s do Imaculado Cora\u00e7\u00e3o de Maria, o trabalho mission\u00e1rios nos distintos espa\u00e7os de Miss\u00e3o, a integra\u00e7\u00e3o e exist\u00eancias dos grupos de Leigas Leigos ICM, os colaboradores, amigos da Congrega\u00e7\u00e3o. Neste dia 08 de mar\u00e7o &#8211; dia t\u00e3o significativo e importante para todas n\u00f3s mulheres, divulgamos o que este grupo de mulheres, que juntas carregamos uma hist\u00f3ria congregacional \u2013 realiza pela dignidade das pessoas e em especial pela Vida da Mulher! Continuemos lutando por nossos direitos e pela igualdade social e respeito \u00e0 dignidade de tantas mulheres, companheiras. A Congrega\u00e7\u00e3o das Irm\u00e3s do Imaculado Cora\u00e7\u00e3o de Maria mant\u00e9m a\u00e7\u00f5es diretas no atendimento a mulheres e na conscientiza\u00e7\u00e3o de todos sobre o valor e dignidade de cada ser humano \u2013 obra do Criador. Gratid\u00e3o especial pelas mulheres, m\u00e3es, pela dignidade deste minist\u00e9rio, legado do Divino Deus da Cria\u00e7\u00e3o da Ruah Divina; gratid\u00e3o \u00e0s jovens mulheres que se dedicam nos trabalhos de evangeliza\u00e7\u00e3o e forma\u00e7\u00e3o de comunidades no minist\u00e9rio leigo. \u00c0s mulheres que conosco trabalham nas Escolas, Obras Sociais e Pastoral; \u00e0s mulheres Consagradas que renovam no dia da dia da vida sua doa\u00e7\u00e3o e capacidade de entrega total a Deus no servi\u00e7o aos irm\u00e3os e irm\u00e3s, \u00e0s jovens mulheres que est\u00e3o conosco como Aspirantes, Postulantes e Novi\u00e7as. Todas n\u00f3s, formamos uma rede de solidariedade e de cuidado com a vida.<\/p>\n<p style=\"text-align: justify;\">Ser mulher \u00e9 continuar a cria\u00e7\u00e3o de Deus no cosmos! Ser mulher \u00e9 continuar embalando a vida desde o seu in\u00edcio at\u00e9 o seu adormecer na eternidade! Ser mulher \u00e9 ser cada dia mais apaixonada pelo belo, pela natureza, pelo nascer e pelo por do sol e na noite contemplar as estrelas e o luar, desde a cheia \u00e0 minguante. Ser mulher \u00e9 celebrar todos os ciclos da vida&#8230; \u00e9 ser.. ser&#8230;. e ser sempre mulher!<\/p>\n<p style=\"text-align: justify;\">Parab\u00e9ns a todas as mulheres deste imenso Brasil! Nossa sauda\u00e7\u00e3o \u00e0s mulheres ind\u00edgenas, negras, brancas, mesti\u00e7as. \u00c0s mulheres Bolivianas, Venezuelanas; de toda a Am\u00e9rica Latina e Caribe; mulheres Amer\u00edndias e Haitianas. Parab\u00e9ns e sauda\u00e7\u00e3o carinhosa \u00e0s mulheres Irm\u00e3s do Imaculado Cora\u00e7\u00e3o de Maria, espalhadas pelo Brasil sendo testemunhas do amor, da bondade, da justi\u00e7a, da miseric\u00f3rdia e da profecia do Reino de Deus.<\/p>\n<p style=\"text-align: justify;\">S\u00e3o Paulo, 08 de Mar\u00e7o de 2016<\/p>\n<p style=\"text-align: center;\"><em><strong>Irm\u00e3 Maria In\u00eas Sampaio<\/strong><\/em><br \/>\n<strong>Coordenadora Provincial<\/strong><\/p>\n","protected":false},"excerpt":{"rendered":"<p>Dia Internacional da Mulher Com alegria e muita esperan\u00e7a estamos lan\u00e7ando o site da Prov\u00edncia Nossa Senhora de Guadalupe. Nele estaremos compartilhando com toda a Congrega\u00e7\u00e3o e com voc\u00ea que<\/p>\n","protected":false},"author":2,"featured_media":481,"comment_status":"open","ping_status":"open","sticky":false,"template":"","format":"standard","meta":{"footnotes":""},"categories":[1,48],"tags":[],"class_list":["post-480","post","type-post","status-publish","format-standard","has-post-thumbnail","hentry","category-sem-categoria","category-noticias"],"_links":{"self":[{"href":"https:\/\/www.provinciaguadalupe.com.br\/site\/wp-json\/wp\/v2\/posts\/480","targetHints":{"allow":["GET"]}}],"collection":[{"href":"https:\/\/www.provinciaguadalupe.com.br\/site\/wp-json\/wp\/v2\/posts"}],"about":[{"href":"https:\/\/www.provinciaguadalupe.com.br\/site\/wp-json\/wp\/v2\/types\/post"}],"author":[{"embeddable":true,"href":"https:\/\/www.provinciaguadalupe.com.br\/site\/wp-json\/wp\/v2\/users\/2"}],"replies":[{"embeddable":true,"href":"https:\/\/www.provinciaguadalupe.com.br\/site\/wp-json\/wp\/v2\/comments?post=480"}],"version-history":[{"count":4,"href":"https:\/\/www.provinciaguadalupe.com.br\/site\/wp-json\/wp\/v2\/posts\/480\/revisions"}],"predecessor-version":[{"id":486,"href":"https:\/\/www.provinciaguadalupe.com.br\/site\/wp-json\/wp\/v2\/posts\/480\/revisions\/486"}],"wp:featuredmedia":[{"embeddable":true,"href":"https:\/\/www.provinciaguadalupe.com.br\/site\/wp-json\/wp\/v2\/media\/481"}],"wp:attachment":[{"href":"https:\/\/www.provinciaguadalupe.com.br\/site\/wp-json\/wp\/v2\/media?parent=480"}],"wp:term":[{"taxonomy":"category","embeddable":true,"href":"https:\/\/www.provinciaguadalupe.com.br\/site\/wp-json\/wp\/v2\/categories?post=480"},{"taxonomy":"post_tag","embeddable":true,"href":"https:\/\/www.provinciaguadalupe.com.br\/site\/wp-json\/wp\/v2\/tags?post=480"}],"curies":[{"name":"wp","href":"https:\/\/api.w.org\/{rel}","templated":true}]}}