{"id":424,"date":"2016-03-08T12:25:14","date_gmt":"2016-03-08T12:25:14","guid":{"rendered":"http:\/\/www.provinciaguadalupe.com.br\/site\/?p=424"},"modified":"2016-03-08T12:25:14","modified_gmt":"2016-03-08T12:25:14","slug":"reuniao-ampliada-do-conselho-define-detalhes-das-assembleias-regionais","status":"publish","type":"post","link":"https:\/\/www.provinciaguadalupe.com.br\/site\/2016\/03\/08\/reuniao-ampliada-do-conselho-define-detalhes-das-assembleias-regionais\/","title":{"rendered":"Reuni\u00e3o ampliada do conselho define detalhes das assembleias regionais"},"content":{"rendered":"<p style=\"text-align: justify;\">Para dinamizar a vida e a miss\u00e3o da Congrega\u00e7\u00e3o, a <strong>Prov\u00edncia Nossa Senhora de Guadalupe<\/strong> se organiza em regionais. Esta a\u00e7\u00e3o foi iniciada em 2015. Desta forma, as Irm\u00e3s presentes em 14 estados brasileiros e tamb\u00e9m na Bol\u00edvia, Haiti e Venezuela vivenciam de forma mais intensa o Carisma e a unidade da miss\u00e3o.<\/p>\n<p style=\"text-align: justify;\">E foi para socializar, avaliar e planejar a caminhada dos regionais que o Conselho Provincial realizou reuni\u00e3o ampliada com as Irm\u00e3s articuladoras regionais. O encontro foi realizado no domingo, 14 de fevereiro, em S\u00e3o Paulo, capital.<\/p>\n<p style=\"text-align: justify;\">No encontro, tamb\u00e9m foram definidos os detalhes para as Assembleias Regionais da Prov\u00edncia. Os encontros ter\u00e3o como tema comum: <strong><em>\u201cComunidades Solid\u00e1rias em miss\u00e3o na viv\u00eancia da justi\u00e7a do Reino\u201d<\/em><\/strong> e como lema<em><strong> \u201cN\u00e3o Havia necessitados entre eles\u201d<\/strong><\/em> (At 4, 34). As assembleias ser\u00e3o momentos para estudo, reflex\u00e3o e defini\u00e7\u00e3o da caminhada da prov\u00edncia segundo as diretrizes aprovadas no cap\u00edtulo provincial de 2014.<\/p>\n<p style=\"text-align: justify;\">As assembleias ser\u00e3o realizadas seguindo o cronograma:<\/p>\n<p style=\"text-align: justify;\"><strong>REGIONAL 3<\/strong> \u2013 Paran\u00e1, S\u00e3o Paulo, Rio de Janeiro e Haiti.<br \/>\n26 a 24 de maio, em S\u00e3o Paulo-SP.<\/p>\n<p style=\"text-align: justify;\"><strong>REGIONAL 1<\/strong> \u2013 Amazonas, Tocantins, Goi\u00e1s, Mato Grosso, Bahia, Distrito Federal e Venezuela.<br \/>\n10 a 16 de junho, em Goi\u00e2nia-GO.<\/p>\n<p style=\"text-align: justify;\"><strong>Regional 2<\/strong> \u2013 Cear\u00e1 Maranh\u00e3o, Para\u00edba, Piau\u00ed, Rio Grande do Norte e Bol\u00edvia<br \/>\n15 a 17 de julho, em Teresina-PI.<\/p>\n<p><a href=\"http:\/\/www.provinciaguadalupe.com.br\/site\/wp-content\/uploads\/2016\/03\/reuni\u00e3o-ampliada-do-conseho-provincial-2016-02.jpg\"><img loading=\"lazy\" decoding=\"async\" class=\"size-large wp-image-426 aligncenter\" src=\"http:\/\/www.provinciaguadalupe.com.br\/site\/wp-content\/uploads\/2016\/03\/reuni\u00e3o-ampliada-do-conseho-provincial-2016-02-1024x664.jpg\" alt=\"reuni\u00e3o ampliada do conseho provincial 2016 02\" width=\"900\" height=\"583\" srcset=\"https:\/\/www.provinciaguadalupe.com.br\/site\/wp-content\/uploads\/2016\/03\/reuni\u00e3o-ampliada-do-conseho-provincial-2016-02-1024x664.jpg 1024w, https:\/\/www.provinciaguadalupe.com.br\/site\/wp-content\/uploads\/2016\/03\/reuni\u00e3o-ampliada-do-conseho-provincial-2016-02-300x194.jpg 300w, https:\/\/www.provinciaguadalupe.com.br\/site\/wp-content\/uploads\/2016\/03\/reuni\u00e3o-ampliada-do-conseho-provincial-2016-02.jpg 1500w\" sizes=\"auto, (max-width: 900px) 100vw, 900px\" \/><\/a><\/p>\n<p style=\"text-align: justify;\">\u201cFoi um encontro forte, produtivo e de partilha da nossa vida e miss\u00e3o. Projetamos nossos sonhos e esperan\u00e7as para a caminhada coletiva da miss\u00e3o\u201d disse a irm\u00e3 Roselei Bertoldo, da comunidade ICM de Manaus e articuladora do Regional 1.<\/p>\n<p style=\"text-align: justify;\">A Prov\u00edncia Nossa Senhora de Guadalupe conta com mais de 150 Irm\u00e3s presentes em mais de 30 comunidades.<\/p>\n","protected":false},"excerpt":{"rendered":"<p>Para dinamizar a vida e a miss\u00e3o da Congrega\u00e7\u00e3o, a Prov\u00edncia Nossa Senhora de Guadalupe se organiza em regionais. Esta a\u00e7\u00e3o foi iniciada em 2015. Desta forma, as Irm\u00e3s presentes<\/p>\n","protected":false},"author":2,"featured_media":425,"comment_status":"open","ping_status":"open","sticky":false,"template":"","format":"standard","meta":{"footnotes":""},"categories":[1,48],"tags":[],"class_list":["post-424","post","type-post","status-publish","format-standard","has-post-thumbnail","hentry","category-sem-categoria","category-noticias"],"_links":{"self":[{"href":"https:\/\/www.provinciaguadalupe.com.br\/site\/wp-json\/wp\/v2\/posts\/424","targetHints":{"allow":["GET"]}}],"collection":[{"href":"https:\/\/www.provinciaguadalupe.com.br\/site\/wp-json\/wp\/v2\/posts"}],"about":[{"href":"https:\/\/www.provinciaguadalupe.com.br\/site\/wp-json\/wp\/v2\/types\/post"}],"author":[{"embeddable":true,"href":"https:\/\/www.provinciaguadalupe.com.br\/site\/wp-json\/wp\/v2\/users\/2"}],"replies":[{"embeddable":true,"href":"https:\/\/www.provinciaguadalupe.com.br\/site\/wp-json\/wp\/v2\/comments?post=424"}],"version-history":[{"count":1,"href":"https:\/\/www.provinciaguadalupe.com.br\/site\/wp-json\/wp\/v2\/posts\/424\/revisions"}],"predecessor-version":[{"id":427,"href":"https:\/\/www.provinciaguadalupe.com.br\/site\/wp-json\/wp\/v2\/posts\/424\/revisions\/427"}],"wp:featuredmedia":[{"embeddable":true,"href":"https:\/\/www.provinciaguadalupe.com.br\/site\/wp-json\/wp\/v2\/media\/425"}],"wp:attachment":[{"href":"https:\/\/www.provinciaguadalupe.com.br\/site\/wp-json\/wp\/v2\/media?parent=424"}],"wp:term":[{"taxonomy":"category","embeddable":true,"href":"https:\/\/www.provinciaguadalupe.com.br\/site\/wp-json\/wp\/v2\/categories?post=424"},{"taxonomy":"post_tag","embeddable":true,"href":"https:\/\/www.provinciaguadalupe.com.br\/site\/wp-json\/wp\/v2\/tags?post=424"}],"curies":[{"name":"wp","href":"https:\/\/api.w.org\/{rel}","templated":true}]}}