{"id":401,"date":"2016-02-15T20:42:57","date_gmt":"2016-02-15T20:42:57","guid":{"rendered":"http:\/\/www.provinciaguadalupe.com.br\/site\/?p=401"},"modified":"2016-02-15T20:44:43","modified_gmt":"2016-02-15T20:44:43","slug":"vida-religiosa-da-diocese-de-teresina-piaui-celebra-o-encerramento-do-ano-dedicado-a-vida-religiosa-consagrada","status":"publish","type":"post","link":"https:\/\/www.provinciaguadalupe.com.br\/site\/2016\/02\/15\/vida-religiosa-da-diocese-de-teresina-piaui-celebra-o-encerramento-do-ano-dedicado-a-vida-religiosa-consagrada\/","title":{"rendered":"Vida Religiosa da Diocese de Teresina, Piau\u00ed celebra o encerramento do ano dedicado \u00e0 Vida Religiosa Consagrada."},"content":{"rendered":"<div id=\"js_8\" class=\"_5pbx userContent\" data-ft=\"{&quot;tn&quot;:&quot;K&quot;}\">\n<p>Foi celebrado na Par\u00f3quia S\u00e3o Jos\u00e9 Oper\u00e1rio, em Teresina &#8211; PI, no domingo dia 14.02 a missa de encerramento do Ano da Vida Religiosa Consagrada, contando com a participa\u00e7\u00e3o das Comunidade e diversas Congrega\u00e7\u00f5es e Institutos. A missa foi presidida por Padre Marcelo Silva, (Mission\u00e1rio Redentorista).<\/p>\n<div class=\"_5wpt\"><\/div>\n<\/div>\n<div class=\"_3x-2\">\n<div data-ft=\"{&quot;tn&quot;:&quot;H&quot;}\">\n<div class=\"mtm\">\n<div class=\"_2a2q\"><a id=\"u_ps_0_0_e\" class=\"_5dec _xcx\" href=\"https:\/\/www.facebook.com\/photo.php?fbid=1702215586666805&amp;set=pcb.1702216973333333&amp;type=3\" rel=\"theater\" data-ft=\"{&quot;tn&quot;:&quot;E&quot;}\"><\/a><a href=\"http:\/\/www.provinciaguadalupe.com.br\/site\/wp-content\/uploads\/2016\/02\/12715671_1702215586666805_7105018213287514985_n.jpg\"><img loading=\"lazy\" decoding=\"async\" class=\"alignnone size-medium wp-image-399\" src=\"http:\/\/www.provinciaguadalupe.com.br\/site\/wp-content\/uploads\/2016\/02\/12715671_1702215586666805_7105018213287514985_n-300x168.jpg\" alt=\"12715671_1702215586666805_7105018213287514985_n\" width=\"300\" height=\"168\" srcset=\"https:\/\/www.provinciaguadalupe.com.br\/site\/wp-content\/uploads\/2016\/02\/12715671_1702215586666805_7105018213287514985_n-300x168.jpg 300w, https:\/\/www.provinciaguadalupe.com.br\/site\/wp-content\/uploads\/2016\/02\/12715671_1702215586666805_7105018213287514985_n.jpg 960w\" sizes=\"auto, (max-width: 300px) 100vw, 300px\" \/><\/a> <a href=\"http:\/\/www.provinciaguadalupe.com.br\/site\/wp-content\/uploads\/2016\/02\/10891857_1702215660000131_6369344167628563366_n.jpg\"><img loading=\"lazy\" decoding=\"async\" class=\"alignnone size-medium wp-image-398\" src=\"http:\/\/www.provinciaguadalupe.com.br\/site\/wp-content\/uploads\/2016\/02\/10891857_1702215660000131_6369344167628563366_n-300x168.jpg\" alt=\"10891857_1702215660000131_6369344167628563366_n\" width=\"300\" height=\"168\" srcset=\"https:\/\/www.provinciaguadalupe.com.br\/site\/wp-content\/uploads\/2016\/02\/10891857_1702215660000131_6369344167628563366_n-300x168.jpg 300w, https:\/\/www.provinciaguadalupe.com.br\/site\/wp-content\/uploads\/2016\/02\/10891857_1702215660000131_6369344167628563366_n.jpg 960w\" sizes=\"auto, (max-width: 300px) 100vw, 300px\" \/><\/a><\/div>\n<\/div>\n<\/div>\n<\/div>\n","protected":false},"excerpt":{"rendered":"<p>Foi celebrado na Par\u00f3quia S\u00e3o Jos\u00e9 Oper\u00e1rio, em Teresina &#8211; PI, no domingo dia 14.02 a missa de encerramento do Ano da Vida Religiosa Consagrada, contando com a participa\u00e7\u00e3o das<\/p>\n","protected":false},"author":3,"featured_media":398,"comment_status":"open","ping_status":"open","sticky":false,"template":"","format":"standard","meta":{"footnotes":""},"categories":[1],"tags":[],"class_list":["post-401","post","type-post","status-publish","format-standard","has-post-thumbnail","hentry","category-sem-categoria"],"_links":{"self":[{"href":"https:\/\/www.provinciaguadalupe.com.br\/site\/wp-json\/wp\/v2\/posts\/401","targetHints":{"allow":["GET"]}}],"collection":[{"href":"https:\/\/www.provinciaguadalupe.com.br\/site\/wp-json\/wp\/v2\/posts"}],"about":[{"href":"https:\/\/www.provinciaguadalupe.com.br\/site\/wp-json\/wp\/v2\/types\/post"}],"author":[{"embeddable":true,"href":"https:\/\/www.provinciaguadalupe.com.br\/site\/wp-json\/wp\/v2\/users\/3"}],"replies":[{"embeddable":true,"href":"https:\/\/www.provinciaguadalupe.com.br\/site\/wp-json\/wp\/v2\/comments?post=401"}],"version-history":[{"count":1,"href":"https:\/\/www.provinciaguadalupe.com.br\/site\/wp-json\/wp\/v2\/posts\/401\/revisions"}],"predecessor-version":[{"id":402,"href":"https:\/\/www.provinciaguadalupe.com.br\/site\/wp-json\/wp\/v2\/posts\/401\/revisions\/402"}],"wp:featuredmedia":[{"embeddable":true,"href":"https:\/\/www.provinciaguadalupe.com.br\/site\/wp-json\/wp\/v2\/media\/398"}],"wp:attachment":[{"href":"https:\/\/www.provinciaguadalupe.com.br\/site\/wp-json\/wp\/v2\/media?parent=401"}],"wp:term":[{"taxonomy":"category","embeddable":true,"href":"https:\/\/www.provinciaguadalupe.com.br\/site\/wp-json\/wp\/v2\/categories?post=401"},{"taxonomy":"post_tag","embeddable":true,"href":"https:\/\/www.provinciaguadalupe.com.br\/site\/wp-json\/wp\/v2\/tags?post=401"}],"curies":[{"name":"wp","href":"https:\/\/api.w.org\/{rel}","templated":true}]}}