{"id":344,"date":"2016-02-15T13:33:27","date_gmt":"2016-02-15T13:33:27","guid":{"rendered":"http:\/\/www.provinciaguadalupe.com.br\/site\/?p=344"},"modified":"2016-02-15T13:47:43","modified_gmt":"2016-02-15T13:47:43","slug":"comunidade-de-manaus-celebra-nossa-senhora-de-guadalupe","status":"publish","type":"post","link":"https:\/\/www.provinciaguadalupe.com.br\/site\/2016\/02\/15\/comunidade-de-manaus-celebra-nossa-senhora-de-guadalupe\/","title":{"rendered":"Comunidade de Manaus celebra Nossa Senhora de Guadalupe"},"content":{"rendered":"<p style=\"text-align: justify;\">No \u00faltimo dia 12 de dezembro, a comunidade Bem Aventurada B\u00e1rbara Maix, em Manaus, Amazonas, realizou celebra\u00e7\u00e3o em homenagem a Nossa Senhora de Guadalupe, padroeira de nossa Prov\u00edncia. A comunidade foi acolhida no espa\u00e7o de nossa casa, espa\u00e7o aconchegante e acolhedor.<\/p>\n<p style=\"text-align: justify;\">Durante a celebra\u00e7\u00e3o, foi emocionante ver o menino Jos\u00e9 declamar uma poesia a Nossa Senhora de Guadalupe. Ele fez um lindo gesto: colocou-se aos p\u00e9s de Guadalupe para declamar:<\/p>\n<p style=\"text-align: justify;\"><em>\u201d \u2026Virgem M\u00e3e de Guadalupe, <\/em><br \/>\n<em>tu \u00e9s para n\u00f3s uma luz, <\/em><br \/>\n<em>ensina-nos a amar mais o teu filho Jesus.\u201d<\/em><\/p>\n<p style=\"text-align: justify;\">Na partilha do Evangelho, a Irm\u00e3 Davina da Paz Cardoso perguntava ao grupo: \u201cPorque Nossa Senhora estava feliz em ir ao encontro de Izabel?\u201d. O menino respondeu: \u201cporque ELA estava com Jesus.\u201d uma resposta espont\u00e2nea, por\u00e9m de uma imensa profundidade.<\/p>\n<p style=\"text-align: justify;\">Louvamos e bendizemos a Deus, pelo grande amor compartilhado com nossa comunidade, amigas e amigos que compartilham a miss\u00e3o a qual nos foi confiada.<\/p>\n<p style=\"text-align: justify;\"><a href=\"http:\/\/www.provinciaguadalupe.com.br\/site\/wp-content\/uploads\/2016\/02\/Guadalupe-AM-05.jpg\"><img loading=\"lazy\" decoding=\"async\" class=\"alignnone size-medium wp-image-363\" src=\"http:\/\/www.provinciaguadalupe.com.br\/site\/wp-content\/uploads\/2016\/02\/Guadalupe-AM-05-300x225.jpg\" alt=\"Guadalupe-AM-05\" width=\"300\" height=\"225\" srcset=\"https:\/\/www.provinciaguadalupe.com.br\/site\/wp-content\/uploads\/2016\/02\/Guadalupe-AM-05-300x225.jpg 300w, https:\/\/www.provinciaguadalupe.com.br\/site\/wp-content\/uploads\/2016\/02\/Guadalupe-AM-05-1024x768.jpg 1024w, https:\/\/www.provinciaguadalupe.com.br\/site\/wp-content\/uploads\/2016\/02\/Guadalupe-AM-05.jpg 2048w\" sizes=\"auto, (max-width: 300px) 100vw, 300px\" \/><\/a><a href=\"http:\/\/www.provinciaguadalupe.com.br\/site\/wp-content\/uploads\/2016\/02\/Guadalupe-AM-04.jpg\"><img loading=\"lazy\" decoding=\"async\" class=\"alignnone size-medium wp-image-362\" src=\"http:\/\/www.provinciaguadalupe.com.br\/site\/wp-content\/uploads\/2016\/02\/Guadalupe-AM-04-300x225.jpg\" alt=\"Guadalupe-AM-04\" width=\"300\" height=\"225\" srcset=\"https:\/\/www.provinciaguadalupe.com.br\/site\/wp-content\/uploads\/2016\/02\/Guadalupe-AM-04-300x225.jpg 300w, https:\/\/www.provinciaguadalupe.com.br\/site\/wp-content\/uploads\/2016\/02\/Guadalupe-AM-04-1024x768.jpg 1024w, https:\/\/www.provinciaguadalupe.com.br\/site\/wp-content\/uploads\/2016\/02\/Guadalupe-AM-04.jpg 2048w\" sizes=\"auto, (max-width: 300px) 100vw, 300px\" \/><\/a><\/p>\n","protected":false},"excerpt":{"rendered":"<p>No \u00faltimo dia 12 de dezembro, a comunidade Bem Aventurada B\u00e1rbara Maix, em Manaus, Amazonas, realizou celebra\u00e7\u00e3o em homenagem a Nossa Senhora de Guadalupe, padroeira de nossa Prov\u00edncia. A comunidade<\/p>\n","protected":false},"author":3,"featured_media":366,"comment_status":"open","ping_status":"open","sticky":false,"template":"","format":"standard","meta":{"footnotes":""},"categories":[1,48],"tags":[],"class_list":["post-344","post","type-post","status-publish","format-standard","has-post-thumbnail","hentry","category-sem-categoria","category-noticias"],"_links":{"self":[{"href":"https:\/\/www.provinciaguadalupe.com.br\/site\/wp-json\/wp\/v2\/posts\/344","targetHints":{"allow":["GET"]}}],"collection":[{"href":"https:\/\/www.provinciaguadalupe.com.br\/site\/wp-json\/wp\/v2\/posts"}],"about":[{"href":"https:\/\/www.provinciaguadalupe.com.br\/site\/wp-json\/wp\/v2\/types\/post"}],"author":[{"embeddable":true,"href":"https:\/\/www.provinciaguadalupe.com.br\/site\/wp-json\/wp\/v2\/users\/3"}],"replies":[{"embeddable":true,"href":"https:\/\/www.provinciaguadalupe.com.br\/site\/wp-json\/wp\/v2\/comments?post=344"}],"version-history":[{"count":1,"href":"https:\/\/www.provinciaguadalupe.com.br\/site\/wp-json\/wp\/v2\/posts\/344\/revisions"}],"predecessor-version":[{"id":365,"href":"https:\/\/www.provinciaguadalupe.com.br\/site\/wp-json\/wp\/v2\/posts\/344\/revisions\/365"}],"wp:featuredmedia":[{"embeddable":true,"href":"https:\/\/www.provinciaguadalupe.com.br\/site\/wp-json\/wp\/v2\/media\/366"}],"wp:attachment":[{"href":"https:\/\/www.provinciaguadalupe.com.br\/site\/wp-json\/wp\/v2\/media?parent=344"}],"wp:term":[{"taxonomy":"category","embeddable":true,"href":"https:\/\/www.provinciaguadalupe.com.br\/site\/wp-json\/wp\/v2\/categories?post=344"},{"taxonomy":"post_tag","embeddable":true,"href":"https:\/\/www.provinciaguadalupe.com.br\/site\/wp-json\/wp\/v2\/tags?post=344"}],"curies":[{"name":"wp","href":"https:\/\/api.w.org\/{rel}","templated":true}]}}