{"id":334,"date":"2016-02-15T12:55:07","date_gmt":"2016-02-15T12:55:07","guid":{"rendered":"http:\/\/www.provinciaguadalupe.com.br\/site\/?p=334"},"modified":"2016-02-15T13:47:33","modified_gmt":"2016-02-15T13:47:33","slug":"em-brasilia-irmas-participam-do-encontro-das-novas-geracoes-da-vida-consagrada","status":"publish","type":"post","link":"https:\/\/www.provinciaguadalupe.com.br\/site\/2016\/02\/15\/em-brasilia-irmas-participam-do-encontro-das-novas-geracoes-da-vida-consagrada\/","title":{"rendered":"Em Bras\u00edlia, Irm\u00e3s participam do Encontro das Novas Gera\u00e7\u00f5es da Vida Consagrada"},"content":{"rendered":"<p>Entre os dias 06 e 09 de fevereiro, a capital federal acolheu o 3\u00ba Encontro das Novas Gera\u00e7\u00f5es da Vida Consagrada, promovido pela Confer\u00eancia dos Religiosos do Brasil, a CRB Nacional. Mais de 400 consagrados\/as participaram do evento que teve como tema: \u201cVenha para fora \u2013 compartilhe a alegria\u201d.<\/p>\n<p>A Congrega\u00e7\u00e3o das Irm\u00e3s do Imaculado Cora\u00e7\u00e3o de Maria esteve presente no encontro. As Irm\u00e3s Cristina Alves (SP), Jos\u00e9lia Ramos (CE), Josiane dos Santos (SP) e Aureni Alves (SP) participaram alegremente do encontro. Tamb\u00e9m marcou presen\u00e7a a Irm\u00e3 Eurides Alves de Oliveira (AM), que dinamizou uma oficina de estudo.<\/p>\n<p>O encontro das Novas Gera\u00e7\u00f5es teve o objetivo de incentivar a constru\u00e7\u00e3o da &#8220;civiliza\u00e7\u00e3o do amor&#8221;, saindo ao encontro do outro, testemunhando a alegria e dinamizando as Novas Gera\u00e7\u00f5es da Vida Religiosa Consagrada, permanecendo com o Ressuscitado.<\/p>\n<p>A presidente nacional da CRB, Irm\u00e3 Maria In\u00eas Vieira Ribeiro, mad, disse que encerrar o Ano da Vida Consagrada e come\u00e7ar o Ano da Miseric\u00f3rdia n\u00e3o \u00e9 fruto do acaso, mas da Provid\u00eancia, uma vez que a miss\u00e3o da vida religiosa est\u00e1 sempre relacionada com a compaix\u00e3o. &#8220;Que todo o Congresso seja uma &#8216;porta santa&#8217; por meio da qual cada participante abrasar\u00e1 seu cora\u00e7\u00e3o e prosseguir\u00e1 seu caminho com coragem e esperan\u00e7a&#8221;.<\/p>\n<p>De acordo com Irm\u00e3 Maria In\u00eas, o Esp\u00edrito tem um convite concreto para a Vida Consagrada. &#8220;N\u00e3o s\u00f3 convida a sair e despertar o mundo com ternura e compaix\u00e3o, mas tamb\u00e9m, para viver e completar a nossa profecia com a miseric\u00f3rdia&#8221;.<\/p>\n<p>Com informa\u00e7\u00f5es da CRB Nacional<\/p>\n","protected":false},"excerpt":{"rendered":"<p>Entre os dias 06 e 09 de fevereiro, a capital federal acolheu o 3\u00ba Encontro das Novas Gera\u00e7\u00f5es da Vida Consagrada, promovido pela Confer\u00eancia dos Religiosos do Brasil, a CRB<\/p>\n","protected":false},"author":2,"featured_media":364,"comment_status":"open","ping_status":"open","sticky":false,"template":"","format":"standard","meta":{"footnotes":""},"categories":[1],"tags":[],"class_list":["post-334","post","type-post","status-publish","format-standard","has-post-thumbnail","hentry","category-sem-categoria"],"_links":{"self":[{"href":"https:\/\/www.provinciaguadalupe.com.br\/site\/wp-json\/wp\/v2\/posts\/334","targetHints":{"allow":["GET"]}}],"collection":[{"href":"https:\/\/www.provinciaguadalupe.com.br\/site\/wp-json\/wp\/v2\/posts"}],"about":[{"href":"https:\/\/www.provinciaguadalupe.com.br\/site\/wp-json\/wp\/v2\/types\/post"}],"author":[{"embeddable":true,"href":"https:\/\/www.provinciaguadalupe.com.br\/site\/wp-json\/wp\/v2\/users\/2"}],"replies":[{"embeddable":true,"href":"https:\/\/www.provinciaguadalupe.com.br\/site\/wp-json\/wp\/v2\/comments?post=334"}],"version-history":[{"count":1,"href":"https:\/\/www.provinciaguadalupe.com.br\/site\/wp-json\/wp\/v2\/posts\/334\/revisions"}],"predecessor-version":[{"id":336,"href":"https:\/\/www.provinciaguadalupe.com.br\/site\/wp-json\/wp\/v2\/posts\/334\/revisions\/336"}],"wp:featuredmedia":[{"embeddable":true,"href":"https:\/\/www.provinciaguadalupe.com.br\/site\/wp-json\/wp\/v2\/media\/364"}],"wp:attachment":[{"href":"https:\/\/www.provinciaguadalupe.com.br\/site\/wp-json\/wp\/v2\/media?parent=334"}],"wp:term":[{"taxonomy":"category","embeddable":true,"href":"https:\/\/www.provinciaguadalupe.com.br\/site\/wp-json\/wp\/v2\/categories?post=334"},{"taxonomy":"post_tag","embeddable":true,"href":"https:\/\/www.provinciaguadalupe.com.br\/site\/wp-json\/wp\/v2\/tags?post=334"}],"curies":[{"name":"wp","href":"https:\/\/api.w.org\/{rel}","templated":true}]}}