{"id":285,"date":"2016-02-15T17:49:15","date_gmt":"2016-02-15T17:49:15","guid":{"rendered":"http:\/\/www.provinciaguadalupe.com.br\/site\/?p=285"},"modified":"2016-02-15T18:26:14","modified_gmt":"2016-02-15T18:26:14","slug":"internacional","status":"publish","type":"post","link":"https:\/\/www.provinciaguadalupe.com.br\/site\/2016\/02\/15\/internacional\/","title":{"rendered":"INTERNACIONAL"},"content":{"rendered":"<p>A Congrega\u00e7\u00e3o das Irm\u00e3s do Imaculado Cora\u00e7\u00e3o de Maria, Prov\u00edncia Nossa Senhora de Guadalupe, \u00e9 \u00a0presen\u00e7a nos Pa\u00edses da Bolivia, na cidade de Santa Cruz de L\u00e1 Sierra com duas comunidades.<\/p>\n<p>Haiti, em J\u00e9r\u00e9mie e L\u00e9on.<\/p>\n<p>Venezuela, em Guanare Estado Portuguesa.<\/p>\n<p>&nbsp;<\/p>\n<p>&nbsp;<\/p>\n","protected":false},"excerpt":{"rendered":"<p>A Congrega\u00e7\u00e3o das Irm\u00e3s do Imaculado Cora\u00e7\u00e3o de Maria, Prov\u00edncia Nossa Senhora de Guadalupe, \u00e9 \u00a0presen\u00e7a nos Pa\u00edses da Bolivia, na cidade de Santa Cruz de L\u00e1 Sierra com duas<\/p>\n","protected":false},"author":1,"featured_media":0,"comment_status":"open","ping_status":"open","sticky":false,"template":"","format":"standard","meta":{"footnotes":""},"categories":[1],"tags":[],"class_list":["post-285","post","type-post","status-publish","format-standard","hentry","category-sem-categoria"],"_links":{"self":[{"href":"https:\/\/www.provinciaguadalupe.com.br\/site\/wp-json\/wp\/v2\/posts\/285","targetHints":{"allow":["GET"]}}],"collection":[{"href":"https:\/\/www.provinciaguadalupe.com.br\/site\/wp-json\/wp\/v2\/posts"}],"about":[{"href":"https:\/\/www.provinciaguadalupe.com.br\/site\/wp-json\/wp\/v2\/types\/post"}],"author":[{"embeddable":true,"href":"https:\/\/www.provinciaguadalupe.com.br\/site\/wp-json\/wp\/v2\/users\/1"}],"replies":[{"embeddable":true,"href":"https:\/\/www.provinciaguadalupe.com.br\/site\/wp-json\/wp\/v2\/comments?post=285"}],"version-history":[{"count":3,"href":"https:\/\/www.provinciaguadalupe.com.br\/site\/wp-json\/wp\/v2\/posts\/285\/revisions"}],"predecessor-version":[{"id":393,"href":"https:\/\/www.provinciaguadalupe.com.br\/site\/wp-json\/wp\/v2\/posts\/285\/revisions\/393"}],"wp:attachment":[{"href":"https:\/\/www.provinciaguadalupe.com.br\/site\/wp-json\/wp\/v2\/media?parent=285"}],"wp:term":[{"taxonomy":"category","embeddable":true,"href":"https:\/\/www.provinciaguadalupe.com.br\/site\/wp-json\/wp\/v2\/categories?post=285"},{"taxonomy":"post_tag","embeddable":true,"href":"https:\/\/www.provinciaguadalupe.com.br\/site\/wp-json\/wp\/v2\/tags?post=285"}],"curies":[{"name":"wp","href":"https:\/\/api.w.org\/{rel}","templated":true}]}}